{"id":261785,"date":"2026-04-30T09:02:54","date_gmt":"2026-04-30T12:02:54","guid":{"rendered":"https:\/\/portalv1.com.br\/?p=261785"},"modified":"2026-04-30T11:30:51","modified_gmt":"2026-04-30T14:30:51","slug":"e-hoje-grandes-atracoes-agitam-aniversario-de-francinopolis-com-fernandinha-e-caviar-com-rapadura","status":"publish","type":"post","link":"https:\/\/portalv1.com.br\/e-hoje-grandes-atracoes-agitam-aniversario-de-francinopolis-com-fernandinha-e-caviar-com-rapadura\/","title":{"rendered":"\u00c9 hoje: grandes atra\u00e7\u00f5es agitam anivers\u00e1rio de Francin\u00f3polis com Fernandinha e Caviar com Rapadura"},"content":{"rendered":"\n<p>Francin\u00f3polis se prepara para viver uma grande noite de celebra\u00e7\u00e3o e alegria em comemora\u00e7\u00e3o aos seus 64 anos de emancipa\u00e7\u00e3o pol\u00edtica. O anivers\u00e1rio do munic\u00edpio \u00e9 nesta sexta-feira, 1\u00ba de maio, mas a festa j\u00e1 come\u00e7a na v\u00e9spera, prometendo reunir um grande p\u00fablico de toda a regi\u00e3o valenciana.<\/p>\n\n\n\n<p>Nesta quinta-feira (30), a Pra\u00e7a de Eventos ser\u00e1 palco do momento festivo da programa\u00e7\u00e3o, com uma sequ\u00eancia de atra\u00e7\u00f5es que prometem animar o p\u00fablico do in\u00edcio ao fim. Entre os destaques est\u00e1 a cantora Fernandinha, considerada atualmente um dos shows mais aplaudidos do momento, al\u00e9m da banda Caviar com Rapadura, conhecida por emplacar grandes sucessos e arrastar multid\u00f5es por onde passa.<\/p>\n\n\n\n<p>A programa\u00e7\u00e3o musical ainda conta com apresenta\u00e7\u00f5es de Z\u00e9 Malhada, Lorim Vaqueiro, Ciel Farra, Josilanne Moura, Garrinha e Pedro Le\u00e3o, garantindo diversidade de ritmos e muita anima\u00e7\u00e3o para todos os gostos.<\/p>\n\n\n\n<p>A expectativa \u00e9 de que a festa atraia visitantes de diversas cidades da regi\u00e3o, fortalecendo a cultura, o entretenimento e o esp\u00edrito de confraterniza\u00e7\u00e3o que marcam a hist\u00f3ria de Francin\u00f3polis.<\/p>\n\n\n\n<p>A Prefeitura convida toda a popula\u00e7\u00e3o local e regional para participar desse momento especial, celebrando juntos mais um ano de conquistas e desenvolvimento do munic\u00edpio.<\/p>\n\n\n<figure class=\"wp-block-post-featured-image\"><img loading=\"lazy\" decoding=\"async\" width=\"1280\" height=\"720\" src=\"https:\/\/portalv1.com.br\/app\/wp-content\/uploads\/2026\/04\/Apresentacao1-14.jpg\" class=\"attachment-post-thumbnail size-post-thumbnail wp-post-image\" alt=\"\" style=\"object-fit:cover;\" srcset=\"https:\/\/portalv1.com.br\/app\/wp-content\/uploads\/2026\/04\/Apresentacao1-14.jpg 1280w, https:\/\/portalv1.com.br\/app\/wp-content\/uploads\/2026\/04\/Apresentacao1-14-300x169.jpg 300w, https:\/\/portalv1.com.br\/app\/wp-content\/uploads\/2026\/04\/Apresentacao1-14-640x360.jpg 640w, https:\/\/portalv1.com.br\/app\/wp-content\/uploads\/2026\/04\/Apresentacao1-14-768x432.jpg 768w\" sizes=\"auto, (max-width: 1280px) 100vw, 1280px\" \/><\/figure>\n\n\n<p><\/p>\n","protected":false},"excerpt":{"rendered":"<p>Francin\u00f3polis se prepara para viver uma grande noite de celebra\u00e7\u00e3o e alegria em comemora\u00e7\u00e3o aos seus 64 anos de emancipa\u00e7\u00e3o pol\u00edtica. O anivers\u00e1rio do munic\u00edpio \u00e9 nesta sexta-feira, 1\u00ba de&#8230;<\/p>\n","protected":false},"author":1,"featured_media":261787,"comment_status":"open","ping_status":"open","sticky":false,"template":"","format":"standard","meta":{"ngg_post_thumbnail":0,"footnotes":""},"categories":[243],"tags":[],"class_list":["post-261785","post","type-post","status-publish","format-standard","has-post-thumbnail","hentry","category-geral"],"views":46,"meta_data":{"thumb":"https:\/\/portalv1.com.br\/app\/wp-content\/uploads\/2026\/04\/Apresentacao1-14.jpg","imagem":{"fullsize":{"url":"https:\/\/portalv1.com.br\/app\/wp-content\/uploads\/2026\/04\/Apresentacao1-14.jpg","width":1280,"height":720},"medium":{"url":"https:\/\/portalv1.com.br\/app\/wp-content\/uploads\/2026\/04\/Apresentacao1-14-300x169.jpg","width":300,"height":169},"large":{"url":"https:\/\/portalv1.com.br\/app\/wp-content\/uploads\/2026\/04\/Apresentacao1-14-640x360.jpg","width":640,"height":360},"thumbnail":{"url":"https:\/\/portalv1.com.br\/app\/wp-content\/uploads\/2026\/04\/Apresentacao1-14-100x100.jpg","width":100,"height":100},"medium_large":{"url":"https:\/\/portalv1.com.br\/app\/wp-content\/uploads\/2026\/04\/Apresentacao1-14-768x432.jpg","width":768,"height":432}},"data":{"simple":"30\/04\/2026","date_time":"30\/04\/2026 06:02:54","date":"h\u00e1 3 horas"},"chapeu":"Saiba mais","source":"retirar"},"_links":{"self":[{"href":"https:\/\/portalv1.com.br\/api\/wp\/v2\/posts\/261785","targetHints":{"allow":["GET"]}}],"collection":[{"href":"https:\/\/portalv1.com.br\/api\/wp\/v2\/posts"}],"about":[{"href":"https:\/\/portalv1.com.br\/api\/wp\/v2\/types\/post"}],"author":[{"embeddable":true,"href":"https:\/\/portalv1.com.br\/api\/wp\/v2\/users\/1"}],"replies":[{"embeddable":true,"href":"https:\/\/portalv1.com.br\/api\/wp\/v2\/comments?post=261785"}],"version-history":[{"count":0,"href":"https:\/\/portalv1.com.br\/api\/wp\/v2\/posts\/261785\/revisions"}],"wp:featuredmedia":[{"embeddable":true,"href":"https:\/\/portalv1.com.br\/api\/wp\/v2\/media\/261787"}],"wp:attachment":[{"href":"https:\/\/portalv1.com.br\/api\/wp\/v2\/media?parent=261785"}],"wp:term":[{"taxonomy":"category","embeddable":true,"href":"https:\/\/portalv1.com.br\/api\/wp\/v2\/categories?post=261785"},{"taxonomy":"post_tag","embeddable":true,"href":"https:\/\/portalv1.com.br\/api\/wp\/v2\/tags?post=261785"}],"curies":[{"name":"wp","href":"https:\/\/api.w.org\/{rel}","templated":true}]}}