{"id":261788,"date":"2026-04-30T09:40:06","date_gmt":"2026-04-30T12:40:06","guid":{"rendered":"https:\/\/portalv1.com.br\/?p=261788"},"modified":"2026-04-30T09:40:15","modified_gmt":"2026-04-30T12:40:15","slug":"sob-comando-de-ciro-nogueira-progressistas-mostra-forca-e-unidade-em-encontro-no-mane-garrincha","status":"publish","type":"post","link":"https:\/\/portalv1.com.br\/sob-comando-de-ciro-nogueira-progressistas-mostra-forca-e-unidade-em-encontro-no-mane-garrincha\/","title":{"rendered":"Sob comando de Ciro Nogueira, Progressistas mostra for\u00e7a e unidade em encontro no Man\u00e9 Garrincha"},"content":{"rendered":"\n<p>O senador Ciro Nogueira, presidente nacional do Progressistas promoveu, nesta quarta-feira (29), um ato de alinhamento pol\u00edtico com todos os parlamentares da sigla que comp\u00f5em o Congresso Nacional.<\/p>\n\n\n\n<p>O ato, que aconteceu no est\u00e1dio Man\u00e9 Garrincha, em Bras\u00edlia, demonstra que o grupo est\u00e1 preparado para o prosseguimento do trabalho parlamentar atrav\u00e9s da execu\u00e7\u00e3o de projetos do partido que tem beneficiado diretamente a popula\u00e7\u00e3o.<\/p>\n\n\n\n<p>Em alus\u00e3o \u00e0 Copa do Mundo, deputados e senadores vestiram a camisa com cores da bandeira brasileira e se apresentaram como um time unido e pronto para transformar o pa\u00eds em um lugar melhor de se viver.<\/p>\n\n\n\n<p>\u201cO time do Progressistas j\u00e1 entrou em campo. Nossa equipe est\u00e1 preparada, motivada e pronta para ser protagonista na constru\u00e7\u00e3o de um grande Brasil. Vamos pra cima!\u201d, publicou o partido nas redes sociais.<\/p>\n\n\n\n<p>Ciro Nogueira falou sobre sua satisfa\u00e7\u00e3o em dirigir o partido e destacou que tem transformado esse trabalho em benef\u00edcios para o Piau\u00ed. \u201cEu fico muito feliz de estar \u00e0 frente dessa maior federa\u00e7\u00e3o do nosso pa\u00eds, mas principalmente o que \u00e9 o mais importante, poder transformar isso em benef\u00edcios e investimentos para o nosso estado\u201d, ressaltou Ciro.<\/p>\n\n\n<div class=\"ngg-galleryoverview\" id=\"1\">\n              <div data-widget=\"Galeria\" data-props=\"{&quot;galeria&quot;:{&quot;max_page&quot;:1,&quot;total&quot;:4,&quot;gallery_id&quot;:1,&quot;images&quot;:[{&quot;thumbcode&quot;:&quot;https:\\\/\\\/portalv1.com.br\\\/app\\\/wp-content\\\/uploads\\\/2026\\\/04\\\/WhatsApp-Image-2026-04-30-at-09.32.40-400x250.jpeg&quot;,&quot;imageURL&quot;:&quot;https:\\\/\\\/portalv1.com.br\\\/app\\\/wp-content\\\/uploads\\\/2026\\\/04\\\/WhatsApp-Image-2026-04-30-at-09.32.40.jpeg&quot;,&quot;pid&quot;:261789,&quot;galleryid&quot;:1,&quot;description&quot;:&quot;&quot;,&quot;alttext&quot;:&quot;Sob comando de Ciro Nogueira, Progressistas mostra for\\u00e7a e unidade em encontro no Man\\u00e9 Garrincha&quot;,&quot;thumbnailURL&quot;:&quot;https:\\\/\\\/portalv1.com.br\\\/app\\\/wp-content\\\/uploads\\\/2026\\\/04\\\/WhatsApp-Image-2026-04-30-at-09.32.40-400x250.jpeg&quot;,&quot;style&quot;:&quot;&quot;},{&quot;thumbcode&quot;:&quot;https:\\\/\\\/portalv1.com.br\\\/app\\\/wp-content\\\/uploads\\\/2026\\\/04\\\/WhatsApp-Image-2026-04-30-at-09.32.39-400x250.jpeg&quot;,&quot;imageURL&quot;:&quot;https:\\\/\\\/portalv1.com.br\\\/app\\\/wp-content\\\/uploads\\\/2026\\\/04\\\/WhatsApp-Image-2026-04-30-at-09.32.39.jpeg&quot;,&quot;pid&quot;:261790,&quot;galleryid&quot;:1,&quot;description&quot;:&quot;&quot;,&quot;alttext&quot;:&quot;Sob comando de Ciro Nogueira, Progressistas mostra for\\u00e7a e unidade em encontro no Man\\u00e9 Garrincha&quot;,&quot;thumbnailURL&quot;:&quot;https:\\\/\\\/portalv1.com.br\\\/app\\\/wp-content\\\/uploads\\\/2026\\\/04\\\/WhatsApp-Image-2026-04-30-at-09.32.39-400x250.jpeg&quot;,&quot;style&quot;:&quot;&quot;},{&quot;thumbcode&quot;:&quot;https:\\\/\\\/portalv1.com.br\\\/app\\\/wp-content\\\/uploads\\\/2026\\\/04\\\/WhatsApp-Image-2026-04-30-at-09.32.39-1-400x250.jpeg&quot;,&quot;imageURL&quot;:&quot;https:\\\/\\\/portalv1.com.br\\\/app\\\/wp-content\\\/uploads\\\/2026\\\/04\\\/WhatsApp-Image-2026-04-30-at-09.32.39-1.jpeg&quot;,&quot;pid&quot;:261791,&quot;galleryid&quot;:1,&quot;description&quot;:&quot;&quot;,&quot;alttext&quot;:&quot;Sob comando de Ciro Nogueira, Progressistas mostra for\\u00e7a e unidade em encontro no Man\\u00e9 Garrincha&quot;,&quot;thumbnailURL&quot;:&quot;https:\\\/\\\/portalv1.com.br\\\/app\\\/wp-content\\\/uploads\\\/2026\\\/04\\\/WhatsApp-Image-2026-04-30-at-09.32.39-1-400x250.jpeg&quot;,&quot;style&quot;:&quot;&quot;},{&quot;thumbcode&quot;:&quot;https:\\\/\\\/portalv1.com.br\\\/app\\\/wp-content\\\/uploads\\\/2026\\\/04\\\/WhatsApp-Image-2026-04-30-at-09.32.38-400x250.jpeg&quot;,&quot;imageURL&quot;:&quot;https:\\\/\\\/portalv1.com.br\\\/app\\\/wp-content\\\/uploads\\\/2026\\\/04\\\/WhatsApp-Image-2026-04-30-at-09.32.38.jpeg&quot;,&quot;pid&quot;:261792,&quot;galleryid&quot;:1,&quot;description&quot;:&quot;&quot;,&quot;alttext&quot;:&quot;Sob comando de Ciro Nogueira, Progressistas mostra for\\u00e7a e unidade em encontro no Man\\u00e9 Garrincha&quot;,&quot;thumbnailURL&quot;:&quot;https:\\\/\\\/portalv1.com.br\\\/app\\\/wp-content\\\/uploads\\\/2026\\\/04\\\/WhatsApp-Image-2026-04-30-at-09.32.38-400x250.jpeg&quot;,&quot;style&quot;:&quot;&quot;}]}}\"><\/div>\n            <\/div>","protected":false},"excerpt":{"rendered":"<p>O senador Ciro Nogueira, presidente nacional do Progressistas promoveu, nesta quarta-feira (29), um ato de alinhamento pol\u00edtico com todos os parlamentares da sigla que comp\u00f5em o Congresso Nacional. O ato,&#8230;<\/p>\n","protected":false},"author":1,"featured_media":261790,"comment_status":"open","ping_status":"open","sticky":false,"template":"","format":"standard","meta":{"ngg_post_thumbnail":0,"footnotes":""},"categories":[243],"tags":[],"class_list":["post-261788","post","type-post","status-publish","format-standard","has-post-thumbnail","hentry","category-geral"],"views":6,"meta_data":{"thumb":"https:\/\/portalv1.com.br\/app\/wp-content\/uploads\/2026\/04\/WhatsApp-Image-2026-04-30-at-09.32.39.jpeg","imagem":{"fullsize":{"url":"https:\/\/portalv1.com.br\/app\/wp-content\/uploads\/2026\/04\/WhatsApp-Image-2026-04-30-at-09.32.39.jpeg","width":1280,"height":853},"medium":{"url":"https:\/\/portalv1.com.br\/app\/wp-content\/uploads\/2026\/04\/WhatsApp-Image-2026-04-30-at-09.32.39-300x200.jpeg","width":300,"height":200},"large":{"url":"https:\/\/portalv1.com.br\/app\/wp-content\/uploads\/2026\/04\/WhatsApp-Image-2026-04-30-at-09.32.39-640x427.jpeg","width":640,"height":427},"thumbnail":{"url":"https:\/\/portalv1.com.br\/app\/wp-content\/uploads\/2026\/04\/WhatsApp-Image-2026-04-30-at-09.32.39-100x100.jpeg","width":100,"height":100},"medium_large":{"url":"https:\/\/portalv1.com.br\/app\/wp-content\/uploads\/2026\/04\/WhatsApp-Image-2026-04-30-at-09.32.39-768x512.jpeg","width":768,"height":512}},"data":{"simple":"30\/04\/2026","date_time":"30\/04\/2026 06:40:06","date":"h\u00e1 3 horas"},"chapeu":"Saiba mais","source":"foto_menor"},"_links":{"self":[{"href":"https:\/\/portalv1.com.br\/api\/wp\/v2\/posts\/261788","targetHints":{"allow":["GET"]}}],"collection":[{"href":"https:\/\/portalv1.com.br\/api\/wp\/v2\/posts"}],"about":[{"href":"https:\/\/portalv1.com.br\/api\/wp\/v2\/types\/post"}],"author":[{"embeddable":true,"href":"https:\/\/portalv1.com.br\/api\/wp\/v2\/users\/1"}],"replies":[{"embeddable":true,"href":"https:\/\/portalv1.com.br\/api\/wp\/v2\/comments?post=261788"}],"version-history":[{"count":0,"href":"https:\/\/portalv1.com.br\/api\/wp\/v2\/posts\/261788\/revisions"}],"wp:featuredmedia":[{"embeddable":true,"href":"https:\/\/portalv1.com.br\/api\/wp\/v2\/media\/261790"}],"wp:attachment":[{"href":"https:\/\/portalv1.com.br\/api\/wp\/v2\/media?parent=261788"}],"wp:term":[{"taxonomy":"category","embeddable":true,"href":"https:\/\/portalv1.com.br\/api\/wp\/v2\/categories?post=261788"},{"taxonomy":"post_tag","embeddable":true,"href":"https:\/\/portalv1.com.br\/api\/wp\/v2\/tags?post=261788"}],"curies":[{"name":"wp","href":"https:\/\/api.w.org\/{rel}","templated":true}]}}