{"id":261793,"date":"2026-04-30T09:42:12","date_gmt":"2026-04-30T12:42:12","guid":{"rendered":"https:\/\/portalv1.com.br\/?p=261793"},"modified":"2026-04-30T09:42:12","modified_gmt":"2026-04-30T12:42:12","slug":"ministerio-da-educacao-cria-sisu-para-ocupar-vagas-remanescentes-no-ensino-superior","status":"publish","type":"post","link":"https:\/\/portalv1.com.br\/ministerio-da-educacao-cria-sisu-para-ocupar-vagas-remanescentes-no-ensino-superior\/","title":{"rendered":"Minist\u00e9rio da Educa\u00e7\u00e3o cria Sisu+ para ocupar vagas remanescentes no ensino superior"},"content":{"rendered":"\n<p>O Minist\u00e9rio da Educa\u00e7\u00e3o publicou na quarta-feira (29) o edital que estabelece uma etapa complementar do Sistema de Sele\u00e7\u00e3o Unificada (Sisu) para 2026. A nova fase, chamada Sisu+, ser\u00e1 usada para preencher vagas que n\u00e3o foram ocupadas ap\u00f3s o encerramento da lista de espera e de processos seletivos pr\u00f3prios das institui\u00e7\u00f5es.<\/p>\n\n\n\n<p>Segundo o MEC, a iniciativa, in\u00e9dita no programa, tem como objetivo ampliar a ocupa\u00e7\u00e3o das vagas dispon\u00edveis nas universidades p\u00fablicas. Em 2026, o minist\u00e9rio tamb\u00e9m passou a permitir o uso das notas das tr\u00eas \u00faltimas edi\u00e7\u00f5es do Exame Nacional do Ensino M\u00e9dio (Enem), de 2023, 2024 e 2025.<\/p>\n\n\n\n<p>Poder\u00e3o participar apenas estudantes que j\u00e1 tenham feito o Sisu 2026. A sele\u00e7\u00e3o ser\u00e1 feita com base nessas edi\u00e7\u00f5es do Enem, com uso autom\u00e1tico da melhor m\u00e9dia para o curso escolhido. O sistema desconsidera provas em que o candidato tenha participado como treineiro ou zerado a reda\u00e7\u00e3o.<\/p>\n\n\n\n<p>No momento da inscri\u00e7\u00e3o no Sisu+, o candidato poder\u00e1 atualizar informa\u00e7\u00f5es socioecon\u00f4micas, alterar a modalidade de concorr\u00eancia e escolher at\u00e9 duas op\u00e7\u00f5es de curso, independentemente das escolhas feitas na fase regular. Algumas institui\u00e7\u00f5es tamb\u00e9m poder\u00e3o exigir notas m\u00ednimas em \u00e1reas espec\u00edficas do Enem para determinados cursos.<\/p>\n\n\n\n<p>De acordo com o Minist\u00e9rio da Educa\u00e7\u00e3o, o Sisu+ n\u00e3o configura um novo processo seletivo, mas uma etapa extra para ocupar as vagas remanescentes e para a amplia\u00e7\u00e3o do acesso ao ensino superior p\u00fablico. O cronograma de inscri\u00e7\u00e3o dos candidatos e a divulga\u00e7\u00e3o dos resultados ser\u00e3o detalhados em edital espec\u00edfico.<\/p>\n\n\n\n<p>Neste primeiro momento, a ades\u00e3o \u00e9 voltada \u00e0s institui\u00e7\u00f5es p\u00fablicas interessadas em participar do Sisu+. O prazo para para que as universidades fa\u00e7am a inscri\u00e7\u00e3o vai de 4 a 29 de maio, por meio do sistema do MEC.<\/p>\n\n\n\n<p>A participa\u00e7\u00e3o \u00e9 restrita a universidades e institutos que j\u00e1 tenham aderido \u00e0 etapa regular do Sisu 2026 e que disponham de vagas oficialmente n\u00e3o preenchidas, como em casos de desist\u00eancia ou n\u00e3o confirma\u00e7\u00e3o de matr\u00edcula.<\/p>\n","protected":false},"excerpt":{"rendered":"<p>O Minist\u00e9rio da Educa\u00e7\u00e3o publicou na quarta-feira (29) o edital que estabelece uma etapa complementar do Sistema de Sele\u00e7\u00e3o Unificada (Sisu) para 2026. A nova fase, chamada Sisu+, ser\u00e1 usada&#8230;<\/p>\n","protected":false},"author":1,"featured_media":261794,"comment_status":"open","ping_status":"open","sticky":false,"template":"","format":"standard","meta":{"ngg_post_thumbnail":0,"footnotes":""},"categories":[243],"tags":[],"class_list":["post-261793","post","type-post","status-publish","format-standard","has-post-thumbnail","hentry","category-geral"],"views":13,"meta_data":{"thumb":"https:\/\/portalv1.com.br\/app\/wp-content\/uploads\/2026\/04\/sisu.jpg","imagem":{"fullsize":{"url":"https:\/\/portalv1.com.br\/app\/wp-content\/uploads\/2026\/04\/sisu.jpg","width":790,"height":665},"medium":{"url":"https:\/\/portalv1.com.br\/app\/wp-content\/uploads\/2026\/04\/sisu-300x253.jpg","width":300,"height":253},"large":{"url":"https:\/\/portalv1.com.br\/app\/wp-content\/uploads\/2026\/04\/sisu-640x539.jpg","width":640,"height":539},"thumbnail":{"url":"https:\/\/portalv1.com.br\/app\/wp-content\/uploads\/2026\/04\/sisu-100x100.jpg","width":100,"height":100},"medium_large":{"url":"https:\/\/portalv1.com.br\/app\/wp-content\/uploads\/2026\/04\/sisu-768x646.jpg","width":768,"height":646}},"data":{"simple":"30\/04\/2026","date_time":"30\/04\/2026 06:42:12","date":"h\u00e1 4 horas"},"chapeu":"Saiba mais","source":"slide"},"_links":{"self":[{"href":"https:\/\/portalv1.com.br\/api\/wp\/v2\/posts\/261793","targetHints":{"allow":["GET"]}}],"collection":[{"href":"https:\/\/portalv1.com.br\/api\/wp\/v2\/posts"}],"about":[{"href":"https:\/\/portalv1.com.br\/api\/wp\/v2\/types\/post"}],"author":[{"embeddable":true,"href":"https:\/\/portalv1.com.br\/api\/wp\/v2\/users\/1"}],"replies":[{"embeddable":true,"href":"https:\/\/portalv1.com.br\/api\/wp\/v2\/comments?post=261793"}],"version-history":[{"count":0,"href":"https:\/\/portalv1.com.br\/api\/wp\/v2\/posts\/261793\/revisions"}],"wp:featuredmedia":[{"embeddable":true,"href":"https:\/\/portalv1.com.br\/api\/wp\/v2\/media\/261794"}],"wp:attachment":[{"href":"https:\/\/portalv1.com.br\/api\/wp\/v2\/media?parent=261793"}],"wp:term":[{"taxonomy":"category","embeddable":true,"href":"https:\/\/portalv1.com.br\/api\/wp\/v2\/categories?post=261793"},{"taxonomy":"post_tag","embeddable":true,"href":"https:\/\/portalv1.com.br\/api\/wp\/v2\/tags?post=261793"}],"curies":[{"name":"wp","href":"https:\/\/api.w.org\/{rel}","templated":true}]}}