{"id":261795,"date":"2026-04-30T09:45:56","date_gmt":"2026-04-30T12:45:56","guid":{"rendered":"https:\/\/portalv1.com.br\/?p=261795"},"modified":"2026-04-30T09:45:56","modified_gmt":"2026-04-30T12:45:56","slug":"prefeitura-de-vera-mendes-abre-processo-seletivo-simplificado","status":"publish","type":"post","link":"https:\/\/portalv1.com.br\/prefeitura-de-vera-mendes-abre-processo-seletivo-simplificado\/","title":{"rendered":"Prefeitura de Vera Mendes abre processo seletivo simplificado"},"content":{"rendered":"\n<p>A Prefeitura de Vera Mendes abriu um Processo Seletivo Simplificado para forma\u00e7\u00e3o de cadastro de reserva nas Secretarias Municipais de Assist\u00eancia Social e de Sa\u00fade. As oportunidades s\u00e3o destinadas a profissionais de n\u00edvel superior. Com informa\u00e7\u00f5es do&nbsp;<a href=\"https:\/\/www.pciconcursos.com.br\/noticias\/prefeitura-de-vera-mendes-pi-abre-processo-seletivo-para-profissionais-de-nivel-superior\" target=\"_blank\" rel=\"noreferrer noopener\">PCI Concursos<\/a>.<\/p>\n\n\n\n<p>De acordo com o edital, h\u00e1 vagas para os cargos de psic\u00f3logo, assistente social e profissional de educa\u00e7\u00e3o f\u00edsica, todas para cadastro de reserva. Os aprovados poder\u00e3o ser convocados conforme a necessidade da administra\u00e7\u00e3o municipal.<\/p>\n\n\n\n<p>A jornada de trabalho varia entre 30 e 40 horas semanais, com remunera\u00e7\u00e3o que vai de R$ 2.000,00 a R$ 2.200,00, a depender do cargo e da carga hor\u00e1ria estabelecida.<\/p>\n\n\n\n<p>As inscri\u00e7\u00f5es s\u00e3o gratuitas e podem ser realizadas entre os dias 23 de abril de 2026 e 4 de maio de 2026, de forma presencial na sede da Prefeitura, localizada na Rua S\u00e3o Sebasti\u00e3o, n\u00ba 780, ou por meio do e-mail disponibilizado no edital.<\/p>\n\n\n\n<p>O processo de sele\u00e7\u00e3o ser\u00e1 feito por meio de avalia\u00e7\u00e3o de t\u00edtulos, seguindo os crit\u00e9rios definidos no edital. A validade do certame ser\u00e1 de um ano, podendo ser prorrogada por igual per\u00edodo.<\/p>\n","protected":false},"excerpt":{"rendered":"<p>A Prefeitura de Vera Mendes abriu um Processo Seletivo Simplificado para forma\u00e7\u00e3o de cadastro de reserva nas Secretarias Municipais de Assist\u00eancia Social e de Sa\u00fade. As oportunidades s\u00e3o destinadas a&#8230;<\/p>\n","protected":false},"author":1,"featured_media":120670,"comment_status":"open","ping_status":"open","sticky":false,"template":"","format":"standard","meta":{"ngg_post_thumbnail":0,"footnotes":""},"categories":[243],"tags":[],"class_list":["post-261795","post","type-post","status-publish","format-standard","has-post-thumbnail","hentry","category-geral"],"views":5,"meta_data":{"thumb":"https:\/\/portalv1.com.br\/app\/wp-content\/uploads\/2022\/06\/concurso.jpg","imagem":{"fullsize":{"url":"https:\/\/portalv1.com.br\/app\/wp-content\/uploads\/2022\/06\/concurso.jpg","width":790,"height":550},"medium":{"url":"https:\/\/portalv1.com.br\/app\/wp-content\/uploads\/2022\/06\/concurso-300x209.jpg","width":300,"height":209},"large":{"url":"https:\/\/portalv1.com.br\/app\/wp-content\/uploads\/2022\/06\/concurso-640x446.jpg","width":640,"height":446},"thumbnail":{"url":"https:\/\/portalv1.com.br\/app\/wp-content\/uploads\/2022\/06\/concurso-100x100.jpg","width":100,"height":100},"medium_large":{"url":"https:\/\/portalv1.com.br\/app\/wp-content\/uploads\/2022\/06\/concurso-768x535.jpg","width":768,"height":535}},"data":{"simple":"30\/04\/2026","date_time":"30\/04\/2026 06:45:56","date":"h\u00e1 6 horas"},"chapeu":"Saiba mais","source":"foto_menor"},"_links":{"self":[{"href":"https:\/\/portalv1.com.br\/api\/wp\/v2\/posts\/261795","targetHints":{"allow":["GET"]}}],"collection":[{"href":"https:\/\/portalv1.com.br\/api\/wp\/v2\/posts"}],"about":[{"href":"https:\/\/portalv1.com.br\/api\/wp\/v2\/types\/post"}],"author":[{"embeddable":true,"href":"https:\/\/portalv1.com.br\/api\/wp\/v2\/users\/1"}],"replies":[{"embeddable":true,"href":"https:\/\/portalv1.com.br\/api\/wp\/v2\/comments?post=261795"}],"version-history":[{"count":0,"href":"https:\/\/portalv1.com.br\/api\/wp\/v2\/posts\/261795\/revisions"}],"wp:featuredmedia":[{"embeddable":true,"href":"https:\/\/portalv1.com.br\/api\/wp\/v2\/media\/120670"}],"wp:attachment":[{"href":"https:\/\/portalv1.com.br\/api\/wp\/v2\/media?parent=261795"}],"wp:term":[{"taxonomy":"category","embeddable":true,"href":"https:\/\/portalv1.com.br\/api\/wp\/v2\/categories?post=261795"},{"taxonomy":"post_tag","embeddable":true,"href":"https:\/\/portalv1.com.br\/api\/wp\/v2\/tags?post=261795"}],"curies":[{"name":"wp","href":"https:\/\/api.w.org\/{rel}","templated":true}]}}