{"id":261797,"date":"2026-04-30T11:10:49","date_gmt":"2026-04-30T14:10:49","guid":{"rendered":"https:\/\/portalv1.com.br\/?p=261797"},"modified":"2026-04-30T12:29:47","modified_gmt":"2026-04-30T15:29:47","slug":"municipio-de-francinopolis-cancela-eventos-comemorativos-por-motivo-de-luto","status":"publish","type":"post","link":"https:\/\/portalv1.com.br\/municipio-de-francinopolis-cancela-eventos-comemorativos-por-motivo-de-luto\/","title":{"rendered":"Prefeitura de Francin\u00f3polis cancela eventos comemorativos por motivo de luto"},"content":{"rendered":"\n<p>A Prefeitura Municipal de Francin\u00f3polis emitiu uma nota oficial nesta quarta-feira, 30 de abril de 2026, informando o cancelamento da programa\u00e7\u00e3o festiva alusiva aos 64 anos de emancipa\u00e7\u00e3o pol\u00edtica do munic\u00edpio, que aconteceria nesta quinta-feira (30).<\/p>\n\n\n\n<p>A decis\u00e3o foi tomada em virtude do falecimento de Manoel da Cruz dos Santos, carinhosamente conhecido em toda a regi\u00e3o como \u201cMi\u00fado\u201d.<\/p>\n\n\n\n<p>Para a data, estavam previstos shows com a cantora Fernandinha, a banda Caviar com Rapadura, al\u00e9m de outras atra\u00e7\u00f5es musicais e a realiza\u00e7\u00e3o de uma corrida comemorativa pelo anivers\u00e1rio do munic\u00edpio, celebrado no dia 1\u00ba de maio.<\/p>\n\n\n\n<p>\u201cA Prefeitura de Francin\u00f3polis informa que, em virtude do falecimento de Manoel da Cruz dos Santos, popularmente conhecido como Mi\u00fado, ficam canceladas as festividades em comemora\u00e7\u00e3o ao anivers\u00e1rio de 64 anos de emancipa\u00e7\u00e3o pol\u00edtica do munic\u00edpio, que aconteceriam nesta data.\u201d<\/p>\n\n\n\n<p>A gest\u00e3o municipal tamb\u00e9m manifestou solidariedade \u00e0 fam\u00edlia e amigos:<\/p>\n\n\n\n<p>\u201cNeste momento de dor e consterna\u00e7\u00e3o, a gest\u00e3o municipal se solidariza com os familiares e amigos, expressando os mais sinceros sentimentos de pesar.\u201d<\/p>\n\n\n\n<figure class=\"wp-block-image size-large\"><img loading=\"lazy\" decoding=\"async\" width=\"640\" height=\"853\" src=\"https:\/\/portalv1.com.br\/app\/wp-content\/uploads\/2026\/04\/WhatsApp-Image-2026-04-30-at-10.46.05-640x853.jpeg\" alt=\"\" class=\"wp-image-261798\" srcset=\"https:\/\/portalv1.com.br\/app\/wp-content\/uploads\/2026\/04\/WhatsApp-Image-2026-04-30-at-10.46.05-640x853.jpeg 640w, https:\/\/portalv1.com.br\/app\/wp-content\/uploads\/2026\/04\/WhatsApp-Image-2026-04-30-at-10.46.05-300x400.jpeg 300w, https:\/\/portalv1.com.br\/app\/wp-content\/uploads\/2026\/04\/WhatsApp-Image-2026-04-30-at-10.46.05-768x1024.jpeg 768w, https:\/\/portalv1.com.br\/app\/wp-content\/uploads\/2026\/04\/WhatsApp-Image-2026-04-30-at-10.46.05.jpeg 780w\" sizes=\"auto, (max-width: 640px) 100vw, 640px\" \/><\/figure>\n\n\n\n<figure class=\"wp-block-image size-large\"><img loading=\"lazy\" decoding=\"async\" width=\"640\" height=\"853\" src=\"https:\/\/portalv1.com.br\/app\/wp-content\/uploads\/2026\/04\/WhatsApp-Image-2026-04-30-at-12.21.46-640x853.jpeg\" alt=\"\" class=\"wp-image-261800\" srcset=\"https:\/\/portalv1.com.br\/app\/wp-content\/uploads\/2026\/04\/WhatsApp-Image-2026-04-30-at-12.21.46-640x853.jpeg 640w, https:\/\/portalv1.com.br\/app\/wp-content\/uploads\/2026\/04\/WhatsApp-Image-2026-04-30-at-12.21.46-300x400.jpeg 300w, https:\/\/portalv1.com.br\/app\/wp-content\/uploads\/2026\/04\/WhatsApp-Image-2026-04-30-at-12.21.46-768x1024.jpeg 768w, https:\/\/portalv1.com.br\/app\/wp-content\/uploads\/2026\/04\/WhatsApp-Image-2026-04-30-at-12.21.46.jpeg 844w\" sizes=\"auto, (max-width: 640px) 100vw, 640px\" \/><\/figure>\n","protected":false},"excerpt":{"rendered":"<p>A Prefeitura Municipal de Francin\u00f3polis emitiu uma nota oficial nesta quarta-feira, 30 de abril de 2026, informando o cancelamento da programa\u00e7\u00e3o festiva alusiva aos 64 anos de emancipa\u00e7\u00e3o pol\u00edtica do&#8230;<\/p>\n","protected":false},"author":1,"featured_media":142152,"comment_status":"open","ping_status":"open","sticky":false,"template":"","format":"standard","meta":{"ngg_post_thumbnail":0,"footnotes":""},"categories":[1522,243],"tags":[],"class_list":["post-261797","post","type-post","status-publish","format-standard","has-post-thumbnail","hentry","category-francinopolis","category-geral"],"views":169,"meta_data":{"thumb":"https:\/\/portalv1.com.br\/app\/wp-content\/uploads\/2023\/04\/matriz-francinopolis-Copy.jpg","imagem":{"fullsize":{"url":"https:\/\/portalv1.com.br\/app\/wp-content\/uploads\/2023\/04\/matriz-francinopolis-Copy.jpg","width":1024,"height":576},"medium":{"url":"https:\/\/portalv1.com.br\/app\/wp-content\/uploads\/2023\/04\/matriz-francinopolis-Copy-300x169.jpg","width":300,"height":169},"large":{"url":"https:\/\/portalv1.com.br\/app\/wp-content\/uploads\/2023\/04\/matriz-francinopolis-Copy-640x360.jpg","width":640,"height":360},"thumbnail":{"url":"https:\/\/portalv1.com.br\/app\/wp-content\/uploads\/2023\/04\/matriz-francinopolis-Copy-100x100.jpg","width":100,"height":100},"medium_large":{"url":"https:\/\/portalv1.com.br\/app\/wp-content\/uploads\/2023\/04\/matriz-francinopolis-Copy-768x432.jpg","width":768,"height":432}},"data":{"simple":"30\/04\/2026","date_time":"30\/04\/2026 08:10:49","date":"h\u00e1 4 horas"},"chapeu":"Saiba mais","source":"slide"},"_links":{"self":[{"href":"https:\/\/portalv1.com.br\/api\/wp\/v2\/posts\/261797","targetHints":{"allow":["GET"]}}],"collection":[{"href":"https:\/\/portalv1.com.br\/api\/wp\/v2\/posts"}],"about":[{"href":"https:\/\/portalv1.com.br\/api\/wp\/v2\/types\/post"}],"author":[{"embeddable":true,"href":"https:\/\/portalv1.com.br\/api\/wp\/v2\/users\/1"}],"replies":[{"embeddable":true,"href":"https:\/\/portalv1.com.br\/api\/wp\/v2\/comments?post=261797"}],"version-history":[{"count":0,"href":"https:\/\/portalv1.com.br\/api\/wp\/v2\/posts\/261797\/revisions"}],"wp:featuredmedia":[{"embeddable":true,"href":"https:\/\/portalv1.com.br\/api\/wp\/v2\/media\/142152"}],"wp:attachment":[{"href":"https:\/\/portalv1.com.br\/api\/wp\/v2\/media?parent=261797"}],"wp:term":[{"taxonomy":"category","embeddable":true,"href":"https:\/\/portalv1.com.br\/api\/wp\/v2\/categories?post=261797"},{"taxonomy":"post_tag","embeddable":true,"href":"https:\/\/portalv1.com.br\/api\/wp\/v2\/tags?post=261797"}],"curies":[{"name":"wp","href":"https:\/\/api.w.org\/{rel}","templated":true}]}}