{"id":261801,"date":"2026-04-30T15:53:23","date_gmt":"2026-04-30T18:53:23","guid":{"rendered":"https:\/\/portalv1.com.br\/?p=261801"},"modified":"2026-04-30T15:53:23","modified_gmt":"2026-04-30T18:53:23","slug":"policia-militar-prende-suspeito-por-trafico-de-drogas-em-elesbao-veloso","status":"publish","type":"post","link":"https:\/\/portalv1.com.br\/policia-militar-prende-suspeito-por-trafico-de-drogas-em-elesbao-veloso\/","title":{"rendered":"Pol\u00edcia Militar prende suspeito por tr\u00e1fico de drogas em Elesb\u00e3o Veloso"},"content":{"rendered":"\n<p>Na manh\u00e3 desta quinta-feira (30), por volta das 10h30, a Pol\u00edcia Militar de Elesb\u00e3o Veloso realizou a pris\u00e3o de um homem suspeito de tr\u00e1fico de drogas no bairro Capit\u00e3o Mundoco.<\/p>\n\n\n\n<p>De acordo com informa\u00e7\u00f5es da PM, a guarni\u00e7\u00e3o recebeu den\u00fancias sobre uma movimenta\u00e7\u00e3o suspeita em uma resid\u00eancia localizada na rua Eur\u00edpides de Aguiar, onde v\u00e1rias pessoas estariam entrando e saindo rapidamente do local. Os policiais j\u00e1 tinham conhecimento de uma poss\u00edvel liga\u00e7\u00e3o do morador com o tr\u00e1fico de entorpecentes.<\/p>\n\n\n\n<p>Diante da situa\u00e7\u00e3o, foram realizadas rondas nas imedia\u00e7\u00f5es, momento em que os agentes flagraram um indiv\u00edduo saindo da resid\u00eancia. Ap\u00f3s abordagem e entrevista, foi confirmada a pr\u00e1tica de venda de drogas no im\u00f3vel.<\/p>\n\n\n\n<p>Durante a a\u00e7\u00e3o, os policiais entraram na resid\u00eancia, onde encontraram um menor de idade e o propriet\u00e1rio, identificado pelas iniciais V.S.A. Na busca domiciliar, foram apreendidos 08 inv\u00f3lucros de maconha, 05 inv\u00f3lucros de crack e 03 inv\u00f3lucros de coca\u00edna, al\u00e9m da quantia de R$ 227,00 em dinheiro.<\/p>\n\n\n\n<p>Diante dos fatos, o suspeito foi preso e encaminhado \u00e0 Delegacia de Pol\u00edcia Civil, onde foram adotados os procedimentos legais cab\u00edveis.<\/p>\n\n\n<figure class=\"wp-block-post-featured-image\"><img loading=\"lazy\" decoding=\"async\" width=\"1124\" height=\"713\" src=\"https:\/\/portalv1.com.br\/app\/wp-content\/uploads\/2026\/04\/eles.jpg\" class=\"attachment-post-thumbnail size-post-thumbnail wp-post-image\" alt=\"\" style=\"object-fit:cover;\" srcset=\"https:\/\/portalv1.com.br\/app\/wp-content\/uploads\/2026\/04\/eles.jpg 1124w, https:\/\/portalv1.com.br\/app\/wp-content\/uploads\/2026\/04\/eles-300x190.jpg 300w, https:\/\/portalv1.com.br\/app\/wp-content\/uploads\/2026\/04\/eles-640x406.jpg 640w, https:\/\/portalv1.com.br\/app\/wp-content\/uploads\/2026\/04\/eles-768x487.jpg 768w\" sizes=\"auto, (max-width: 1124px) 100vw, 1124px\" \/><\/figure>","protected":false},"excerpt":{"rendered":"<p>Na manh\u00e3 desta quinta-feira (30), por volta das 10h30, a Pol\u00edcia Militar de Elesb\u00e3o Veloso realizou a pris\u00e3o de um homem suspeito de tr\u00e1fico de drogas no bairro Capit\u00e3o Mundoco&#8230;.<\/p>\n","protected":false},"author":1,"featured_media":261802,"comment_status":"open","ping_status":"open","sticky":false,"template":"","format":"standard","meta":{"ngg_post_thumbnail":0,"footnotes":""},"categories":[243],"tags":[],"class_list":["post-261801","post","type-post","status-publish","format-standard","has-post-thumbnail","hentry","category-geral"],"views":45,"meta_data":{"thumb":"https:\/\/portalv1.com.br\/app\/wp-content\/uploads\/2026\/04\/eles.jpg","imagem":{"fullsize":{"url":"https:\/\/portalv1.com.br\/app\/wp-content\/uploads\/2026\/04\/eles.jpg","width":1124,"height":713},"medium":{"url":"https:\/\/portalv1.com.br\/app\/wp-content\/uploads\/2026\/04\/eles-300x190.jpg","width":300,"height":190},"large":{"url":"https:\/\/portalv1.com.br\/app\/wp-content\/uploads\/2026\/04\/eles-640x406.jpg","width":640,"height":406},"thumbnail":{"url":"https:\/\/portalv1.com.br\/app\/wp-content\/uploads\/2026\/04\/eles-100x100.jpg","width":100,"height":100},"medium_large":{"url":"https:\/\/portalv1.com.br\/app\/wp-content\/uploads\/2026\/04\/eles-768x487.jpg","width":768,"height":487}},"data":{"simple":"30\/04\/2026","date_time":"30\/04\/2026 12:53:23","date":"h\u00e1 3 horas"},"chapeu":"Saiba mais","source":"m_destacada"},"_links":{"self":[{"href":"https:\/\/portalv1.com.br\/api\/wp\/v2\/posts\/261801","targetHints":{"allow":["GET"]}}],"collection":[{"href":"https:\/\/portalv1.com.br\/api\/wp\/v2\/posts"}],"about":[{"href":"https:\/\/portalv1.com.br\/api\/wp\/v2\/types\/post"}],"author":[{"embeddable":true,"href":"https:\/\/portalv1.com.br\/api\/wp\/v2\/users\/1"}],"replies":[{"embeddable":true,"href":"https:\/\/portalv1.com.br\/api\/wp\/v2\/comments?post=261801"}],"version-history":[{"count":0,"href":"https:\/\/portalv1.com.br\/api\/wp\/v2\/posts\/261801\/revisions"}],"wp:featuredmedia":[{"embeddable":true,"href":"https:\/\/portalv1.com.br\/api\/wp\/v2\/media\/261802"}],"wp:attachment":[{"href":"https:\/\/portalv1.com.br\/api\/wp\/v2\/media?parent=261801"}],"wp:term":[{"taxonomy":"category","embeddable":true,"href":"https:\/\/portalv1.com.br\/api\/wp\/v2\/categories?post=261801"},{"taxonomy":"post_tag","embeddable":true,"href":"https:\/\/portalv1.com.br\/api\/wp\/v2\/tags?post=261801"}],"curies":[{"name":"wp","href":"https:\/\/api.w.org\/{rel}","templated":true}]}}