{"id":261803,"date":"2026-05-01T09:21:55","date_gmt":"2026-05-01T12:21:55","guid":{"rendered":"https:\/\/portalv1.com.br\/?p=261803"},"modified":"2026-05-01T09:53:58","modified_gmt":"2026-05-01T12:53:58","slug":"alunos-do-ceti-maria-antonieta-vivenciam-aula-pratica-no-espaco-cultural-mae-luiza-em-valenca","status":"publish","type":"post","link":"https:\/\/portalv1.com.br\/alunos-do-ceti-maria-antonieta-vivenciam-aula-pratica-no-espaco-cultural-mae-luiza-em-valenca\/","title":{"rendered":"Alunos do CETI Maria Antonieta vivenciam aula pr\u00e1tica no Espa\u00e7o Cultural M\u00e3e Luiza em Valen\u00e7a"},"content":{"rendered":"\n<p>Os alunos do 6\u00ba ano do CETI Maria Antonieta participaram, nesta semana, de uma enriquecedora visita ao Espa\u00e7o Cultural Prog\u00eanie de M\u00e3e Luiza Cabor\u00e9, em Valen\u00e7a do Piau\u00ed. A atividade, acompanhada pelo professor de Hist\u00f3ria Marcelo Sousa, proporcionou aos estudantes uma verdadeira imers\u00e3o no conhecimento hist\u00f3rico por meio do contato direto com fontes e objetos do passado.<\/p>\n\n\n\n<p>O espa\u00e7o, de propriedade do professor e pesquisador Ant\u00f4nio Jos\u00e9 Manbenga, re\u00fane um acervo diversificado, composto por pe\u00e7as oriundas, em sua maioria, de fam\u00edlias da classe popular e fatos hist\u00f3ricos vividos na cidade que \u00e9 uma das mais antigas do Piau\u00ed. Esses artefatos ajudam a contar a hist\u00f3ria local e regional, valorizando a mem\u00f3ria e a identidade cultural do povo valenciano.<\/p>\n\n\n\n<p>Durante a visita, os estudantes participaram de uma abordagem did\u00e1tica sobre \u201cFontes Hist\u00f3ricas\u201d, explorando conceitos em n\u00edveis geral, regional e local. O car\u00e1ter ecl\u00e9tico do acervo despertou o interesse dos alunos, que acompanharam atentamente as explica\u00e7\u00f5es e interagiram com perguntas, demonstrando curiosidade e envolvimento com o conte\u00fado.<\/p>\n\n\n\n<figure class=\"wp-block-image size-large\"><img loading=\"lazy\" decoding=\"async\" width=\"640\" height=\"479\" src=\"https:\/\/portalv1.com.br\/app\/wp-content\/uploads\/2026\/05\/75a8ecd3beac34f3b3038bdc81c7f1a3-640x479.webp\" alt=\"\" class=\"wp-image-261804\" srcset=\"https:\/\/portalv1.com.br\/app\/wp-content\/uploads\/2026\/05\/75a8ecd3beac34f3b3038bdc81c7f1a3-640x479.webp 640w, https:\/\/portalv1.com.br\/app\/wp-content\/uploads\/2026\/05\/75a8ecd3beac34f3b3038bdc81c7f1a3-300x225.webp 300w, https:\/\/portalv1.com.br\/app\/wp-content\/uploads\/2026\/05\/75a8ecd3beac34f3b3038bdc81c7f1a3-768x575.webp 768w, https:\/\/portalv1.com.br\/app\/wp-content\/uploads\/2026\/05\/75a8ecd3beac34f3b3038bdc81c7f1a3.webp 800w\" sizes=\"auto, (max-width: 640px) 100vw, 640px\" \/><\/figure>\n\n\n\n<p>Entre os itens apresentados, estavam f\u00f3sseis da regi\u00e3o, exemplares oriundos das Barreiras do Coronel Z\u00e9 In\u00e1cio, em Valen\u00e7a, e da localidade Oitis, em Pimenteiras, al\u00e9m de materiais l\u00edticos da pr\u00e9-hist\u00f3ria e pe\u00e7as da arqueologia hist\u00f3rica. Um dos momentos que mais chamou a aten\u00e7\u00e3o dos alunos foi a observa\u00e7\u00e3o da fotografia de Dona Maria Prestes e sua filha Mariana Prestes, registrada durante visita a Valen\u00e7a em 2014, ao lado da cruz que simboliza a passagem da Coluna Prestes pela cidade, em janeiro de 1926.<\/p>\n\n\n\n<p>Para o professor Ant\u00f4nio Jos\u00e9 Manbenga, a experi\u00eancia refor\u00e7a o valor da aprendizagem pr\u00e1tica. Segundo ele, atividades como essa ampliam a compreens\u00e3o dos alunos ao unir teoria e viv\u00eancia. \u201cOs alunos saem com uma vis\u00e3o diferente da aula tradicional. O ver e o ouvir se complementam e facilitam a reten\u00e7\u00e3o do conhecimento\u201d, destacou.<\/p>\n\n\n\n<p>A iniciativa tamb\u00e9m foi reconhecida como um exemplo positivo de pr\u00e1tica pedag\u00f3gica, ao levar os estudantes para al\u00e9m da sala de aula e aproxim\u00e1-los da pr\u00f3pria hist\u00f3ria. A expectativa \u00e9 de que outras escolas do munic\u00edpio tamb\u00e9m adotem experi\u00eancias semelhantes, fortalecendo o ensino e valorizando a cultura local.<\/p>\n\n\n<figure class=\"wp-block-post-featured-image\"><img loading=\"lazy\" decoding=\"async\" width=\"800\" height=\"599\" src=\"https:\/\/portalv1.com.br\/app\/wp-content\/uploads\/2026\/05\/261f116e1aa675ecc11bac51f3dc3a99.webp\" class=\"attachment-post-thumbnail size-post-thumbnail wp-post-image\" alt=\"\" style=\"object-fit:cover;\" srcset=\"https:\/\/portalv1.com.br\/app\/wp-content\/uploads\/2026\/05\/261f116e1aa675ecc11bac51f3dc3a99.webp 800w, https:\/\/portalv1.com.br\/app\/wp-content\/uploads\/2026\/05\/261f116e1aa675ecc11bac51f3dc3a99-300x225.webp 300w, https:\/\/portalv1.com.br\/app\/wp-content\/uploads\/2026\/05\/261f116e1aa675ecc11bac51f3dc3a99-640x479.webp 640w, https:\/\/portalv1.com.br\/app\/wp-content\/uploads\/2026\/05\/261f116e1aa675ecc11bac51f3dc3a99-768x575.webp 768w\" sizes=\"auto, (max-width: 800px) 100vw, 800px\" \/><\/figure>","protected":false},"excerpt":{"rendered":"<p>Os alunos do 6\u00ba ano do CETI Maria Antonieta participaram, nesta semana, de uma enriquecedora visita ao Espa\u00e7o Cultural Prog\u00eanie de M\u00e3e Luiza Cabor\u00e9, em Valen\u00e7a do Piau\u00ed. A atividade,&#8230;<\/p>\n","protected":false},"author":1,"featured_media":261805,"comment_status":"open","ping_status":"open","sticky":false,"template":"","format":"standard","meta":{"ngg_post_thumbnail":0,"footnotes":""},"categories":[243],"tags":[],"class_list":["post-261803","post","type-post","status-publish","format-standard","has-post-thumbnail","hentry","category-geral"],"views":46,"meta_data":{"thumb":"https:\/\/portalv1.com.br\/app\/wp-content\/uploads\/2026\/05\/261f116e1aa675ecc11bac51f3dc3a99.webp","imagem":{"fullsize":{"url":"https:\/\/portalv1.com.br\/app\/wp-content\/uploads\/2026\/05\/261f116e1aa675ecc11bac51f3dc3a99.webp","width":800,"height":599},"medium":{"url":"https:\/\/portalv1.com.br\/app\/wp-content\/uploads\/2026\/05\/261f116e1aa675ecc11bac51f3dc3a99-300x225.webp","width":300,"height":225},"large":{"url":"https:\/\/portalv1.com.br\/app\/wp-content\/uploads\/2026\/05\/261f116e1aa675ecc11bac51f3dc3a99-640x479.webp","width":640,"height":479},"thumbnail":{"url":"https:\/\/portalv1.com.br\/app\/wp-content\/uploads\/2026\/05\/261f116e1aa675ecc11bac51f3dc3a99-100x100.webp","width":100,"height":100},"medium_large":{"url":"https:\/\/portalv1.com.br\/app\/wp-content\/uploads\/2026\/05\/261f116e1aa675ecc11bac51f3dc3a99-768x575.webp","width":768,"height":575}},"data":{"simple":"01\/05\/2026","date_time":"01\/05\/2026 06:21:55","date":"h\u00e1 3 horas"},"chapeu":"Saiba mais","source":"slide"},"_links":{"self":[{"href":"https:\/\/portalv1.com.br\/api\/wp\/v2\/posts\/261803","targetHints":{"allow":["GET"]}}],"collection":[{"href":"https:\/\/portalv1.com.br\/api\/wp\/v2\/posts"}],"about":[{"href":"https:\/\/portalv1.com.br\/api\/wp\/v2\/types\/post"}],"author":[{"embeddable":true,"href":"https:\/\/portalv1.com.br\/api\/wp\/v2\/users\/1"}],"replies":[{"embeddable":true,"href":"https:\/\/portalv1.com.br\/api\/wp\/v2\/comments?post=261803"}],"version-history":[{"count":0,"href":"https:\/\/portalv1.com.br\/api\/wp\/v2\/posts\/261803\/revisions"}],"wp:featuredmedia":[{"embeddable":true,"href":"https:\/\/portalv1.com.br\/api\/wp\/v2\/media\/261805"}],"wp:attachment":[{"href":"https:\/\/portalv1.com.br\/api\/wp\/v2\/media?parent=261803"}],"wp:term":[{"taxonomy":"category","embeddable":true,"href":"https:\/\/portalv1.com.br\/api\/wp\/v2\/categories?post=261803"},{"taxonomy":"post_tag","embeddable":true,"href":"https:\/\/portalv1.com.br\/api\/wp\/v2\/tags?post=261803"}],"curies":[{"name":"wp","href":"https:\/\/api.w.org\/{rel}","templated":true}]}}