{"id":261807,"date":"2026-05-01T09:51:20","date_gmt":"2026-05-01T12:51:20","guid":{"rendered":"https:\/\/portalv1.com.br\/?p=261807"},"modified":"2026-05-01T09:53:45","modified_gmt":"2026-05-01T12:53:45","slug":"mercado-o-xerem-recebe-edicao-especial-da-feira-das-empreendedoras-neste-domingo","status":"publish","type":"post","link":"https:\/\/portalv1.com.br\/mercado-o-xerem-recebe-edicao-especial-da-feira-das-empreendedoras-neste-domingo\/","title":{"rendered":"Mercado O Xer\u00e9m recebe edi\u00e7\u00e3o especial da Feira das Empreendedoras neste domingo"},"content":{"rendered":"\n<p>Neste domingo (3), o Mercado O Xer\u00e9m, em Valen\u00e7a do Piau\u00ed, ser\u00e1 palco de uma edi\u00e7\u00e3o especial da Feira das Empreendedoras Valencianas, reunindo uma grande diversidade de produtos e servi\u00e7os. A programa\u00e7\u00e3o, em homenagem ao Dia das M\u00e3es, promete movimentar o espa\u00e7o com op\u00e7\u00f5es de presentes, gastronomia e muito mais.<\/p>\n\n\n\n<p>O evento tamb\u00e9m contar\u00e1 com m\u00fasica ao vivo animada por Allan e Banda, garantindo um ambiente agrad\u00e1vel para toda a fam\u00edlia.<\/p>\n\n\n\n<p>A feira \u00e9 um movimento que re\u00fane empreendedores locais que se unem para comercializar produtos e servi\u00e7os, valorizando a produ\u00e7\u00e3o artesanal, a economia criativa e os itens regionais. A iniciativa fortalece o com\u00e9rcio local e incentiva o empreendedorismo, oferecendo ao p\u00fablico a oportunidade de consumir produtos feitos na pr\u00f3pria cidade e regi\u00e3o. A Feira Comercial Dia das Maes come\u00e7a a partir das 17h.<\/p>\n\n\n\n<figure class=\"wp-block-image size-large\"><img loading=\"lazy\" decoding=\"async\" width=\"640\" height=\"640\" src=\"https:\/\/portalv1.com.br\/app\/wp-content\/uploads\/2026\/05\/WhatsApp-Image-2026-04-30-at-19.00.58-1-640x640.jpeg\" alt=\"\" class=\"wp-image-261808\" srcset=\"https:\/\/portalv1.com.br\/app\/wp-content\/uploads\/2026\/05\/WhatsApp-Image-2026-04-30-at-19.00.58-1-640x640.jpeg 640w, https:\/\/portalv1.com.br\/app\/wp-content\/uploads\/2026\/05\/WhatsApp-Image-2026-04-30-at-19.00.58-1-300x300.jpeg 300w, https:\/\/portalv1.com.br\/app\/wp-content\/uploads\/2026\/05\/WhatsApp-Image-2026-04-30-at-19.00.58-1-100x100.jpeg 100w, https:\/\/portalv1.com.br\/app\/wp-content\/uploads\/2026\/05\/WhatsApp-Image-2026-04-30-at-19.00.58-1-768x768.jpeg 768w, https:\/\/portalv1.com.br\/app\/wp-content\/uploads\/2026\/05\/WhatsApp-Image-2026-04-30-at-19.00.58-1.jpeg 1254w\" sizes=\"auto, (max-width: 640px) 100vw, 640px\" \/><\/figure>\n","protected":false},"excerpt":{"rendered":"<p>Neste domingo (3), o Mercado O Xer\u00e9m, em Valen\u00e7a do Piau\u00ed, ser\u00e1 palco de uma edi\u00e7\u00e3o especial da Feira das Empreendedoras Valencianas, reunindo uma grande diversidade de produtos e servi\u00e7os&#8230;.<\/p>\n","protected":false},"author":1,"featured_media":261809,"comment_status":"open","ping_status":"open","sticky":false,"template":"","format":"standard","meta":{"ngg_post_thumbnail":0,"footnotes":""},"categories":[243],"tags":[],"class_list":["post-261807","post","type-post","status-publish","format-standard","has-post-thumbnail","hentry","category-geral"],"views":44,"meta_data":{"thumb":"https:\/\/portalv1.com.br\/app\/wp-content\/uploads\/2026\/05\/Apresentacao1o.jpg","imagem":{"fullsize":{"url":"https:\/\/portalv1.com.br\/app\/wp-content\/uploads\/2026\/05\/Apresentacao1o.jpg","width":1280,"height":720},"medium":{"url":"https:\/\/portalv1.com.br\/app\/wp-content\/uploads\/2026\/05\/Apresentacao1o-300x169.jpg","width":300,"height":169},"large":{"url":"https:\/\/portalv1.com.br\/app\/wp-content\/uploads\/2026\/05\/Apresentacao1o-640x360.jpg","width":640,"height":360},"thumbnail":{"url":"https:\/\/portalv1.com.br\/app\/wp-content\/uploads\/2026\/05\/Apresentacao1o-100x100.jpg","width":100,"height":100},"medium_large":{"url":"https:\/\/portalv1.com.br\/app\/wp-content\/uploads\/2026\/05\/Apresentacao1o-768x432.jpg","width":768,"height":432}},"data":{"simple":"01\/05\/2026","date_time":"01\/05\/2026 06:51:20","date":"h\u00e1 4 horas"},"chapeu":"Saiba mais","source":"m_destacada"},"_links":{"self":[{"href":"https:\/\/portalv1.com.br\/api\/wp\/v2\/posts\/261807","targetHints":{"allow":["GET"]}}],"collection":[{"href":"https:\/\/portalv1.com.br\/api\/wp\/v2\/posts"}],"about":[{"href":"https:\/\/portalv1.com.br\/api\/wp\/v2\/types\/post"}],"author":[{"embeddable":true,"href":"https:\/\/portalv1.com.br\/api\/wp\/v2\/users\/1"}],"replies":[{"embeddable":true,"href":"https:\/\/portalv1.com.br\/api\/wp\/v2\/comments?post=261807"}],"version-history":[{"count":0,"href":"https:\/\/portalv1.com.br\/api\/wp\/v2\/posts\/261807\/revisions"}],"wp:featuredmedia":[{"embeddable":true,"href":"https:\/\/portalv1.com.br\/api\/wp\/v2\/media\/261809"}],"wp:attachment":[{"href":"https:\/\/portalv1.com.br\/api\/wp\/v2\/media?parent=261807"}],"wp:term":[{"taxonomy":"category","embeddable":true,"href":"https:\/\/portalv1.com.br\/api\/wp\/v2\/categories?post=261807"},{"taxonomy":"post_tag","embeddable":true,"href":"https:\/\/portalv1.com.br\/api\/wp\/v2\/tags?post=261807"}],"curies":[{"name":"wp","href":"https:\/\/api.w.org\/{rel}","templated":true}]}}