{"id":26321,"date":"2017-01-05T11:36:02","date_gmt":"2017-01-05T14:36:02","guid":{"rendered":"https:\/\/portalv1.com.br\/?p=26321"},"modified":"2017-01-14T11:33:56","modified_gmt":"2017-01-14T14:33:56","slug":"isepro-abre-vagas-para-graduacao-e-especializacao-veja-cursos","status":"publish","type":"post","link":"https:\/\/portalv1.com.br\/isepro-abre-vagas-para-graduacao-e-especializacao-veja-cursos\/","title":{"rendered":"ISEPRO abre vagas para gradua\u00e7\u00e3o e especializa\u00e7\u00e3o. Veja cursos"},"content":{"rendered":"<figure id=\"attachment_26322\" aria-describedby=\"caption-attachment-26322\" style=\"width: 640px\" class=\"wp-caption aligncenter\"><a href=\"https:\/\/portalv1.com.br\/app\/wp-content\/uploads\/2017\/01\/dsc3329.jpg\"><img loading=\"lazy\" decoding=\"async\" class=\"size-large wp-image-26322\" src=\"https:\/\/portalv1.com.br\/app\/wp-content\/uploads\/2017\/01\/dsc3329-640x427.jpg\" alt=\"\" width=\"640\" height=\"427\" srcset=\"https:\/\/portalv1.com.br\/app\/wp-content\/uploads\/2017\/01\/dsc3329.jpg 640w, https:\/\/portalv1.com.br\/app\/wp-content\/uploads\/2017\/01\/dsc3329-300x200.jpg 300w\" sizes=\"auto, (max-width: 640px) 100vw, 640px\" \/><\/a><figcaption id=\"caption-attachment-26322\" class=\"wp-caption-text\">Faculdade ISEPRO<\/figcaption><\/figure>\n<p>A Faculdade ISEPRO comunica aos interessados que come\u00e7am nessa sexta-feira (6), as inscri\u00e7\u00f5es para os cursos 2017 da faculdade.<\/p>\n<p>A dire\u00e7\u00e3o avisa que est\u00e3o sendo ofertadas vagas limitadas para os cursos de gradua\u00e7\u00e3o em pedagogia e educa\u00e7\u00e3o f\u00edsica e de especializa\u00e7\u00e3o em doc\u00eancia do ensino superior e psicopedagogia.<\/p>\n<p>As inscri\u00e7\u00f5es come\u00e7am nessa sexta-feira dia 06 de janeiro na Diversat na Avenida Santos Dumont ao lado do Col\u00e9gio Santo Ant\u00f4nio ou pelos telefones ligue 89 9921-3168 ou 89 9427-0178 com Janaina Magalh\u00e3es.<\/p>\n<p><a href=\"https:\/\/portalv1.com.br\/app\/wp-content\/uploads\/2017\/01\/IMG_2981.jpg\"><img loading=\"lazy\" decoding=\"async\" class=\"aligncenter size-large wp-image-26328\" src=\"https:\/\/portalv1.com.br\/app\/wp-content\/uploads\/2017\/01\/IMG_2981-640x458.jpg\" alt=\"\" width=\"640\" height=\"458\" srcset=\"https:\/\/portalv1.com.br\/app\/wp-content\/uploads\/2017\/01\/IMG_2981.jpg 640w, https:\/\/portalv1.com.br\/app\/wp-content\/uploads\/2017\/01\/IMG_2981-300x215.jpg 300w\" sizes=\"auto, (max-width: 640px) 100vw, 640px\" \/><\/a><\/p>\n","protected":false},"excerpt":{"rendered":"<p>A Faculdade ISEPRO comunica aos interessados que come\u00e7am nessa sexta-feira (6), as inscri\u00e7\u00f5es para os cursos 2017 da faculdade. A dire\u00e7\u00e3o avisa que est\u00e3o sendo ofertadas vagas limitadas para os&#8230;<\/p>\n","protected":false},"author":1,"featured_media":26322,"comment_status":"open","ping_status":"open","sticky":false,"template":"","format":"standard","meta":{"ngg_post_thumbnail":0,"footnotes":""},"categories":[1055,12],"tags":[],"class_list":["post-26321","post","type-post","status-publish","format-standard","has-post-thumbnail","hentry","category-concurso-e-emprego","category-valenca-news"],"views":1598,"meta_data":{"thumb":"https:\/\/portalv1.com.br\/app\/wp-content\/uploads\/2017\/01\/dsc3329.jpg","imagem":{"fullsize":{"url":"https:\/\/portalv1.com.br\/app\/wp-content\/uploads\/2017\/01\/dsc3329.jpg","width":640,"height":427},"thumbnail":{"url":"https:\/\/portalv1.com.br\/app\/wp-content\/uploads\/2017\/01\/dsc3329-100x100.jpg","width":100,"height":100},"medium":{"url":"https:\/\/portalv1.com.br\/app\/wp-content\/uploads\/2017\/01\/dsc3329-300x200.jpg","width":300,"height":200},"large":{"url":"https:\/\/portalv1.com.br\/app\/wp-content\/uploads\/2017\/01\/dsc3329-640x427.jpg","width":640,"height":427}},"data":{"simple":"05\/01\/2017","date_time":"05\/01\/2017 08:36:02","date":"h\u00e1 9 anos"},"chapeu":"Mais educa\u00e7\u00e3o ","source":"retirar"},"_links":{"self":[{"href":"https:\/\/portalv1.com.br\/api\/wp\/v2\/posts\/26321","targetHints":{"allow":["GET"]}}],"collection":[{"href":"https:\/\/portalv1.com.br\/api\/wp\/v2\/posts"}],"about":[{"href":"https:\/\/portalv1.com.br\/api\/wp\/v2\/types\/post"}],"author":[{"embeddable":true,"href":"https:\/\/portalv1.com.br\/api\/wp\/v2\/users\/1"}],"replies":[{"embeddable":true,"href":"https:\/\/portalv1.com.br\/api\/wp\/v2\/comments?post=26321"}],"version-history":[{"count":0,"href":"https:\/\/portalv1.com.br\/api\/wp\/v2\/posts\/26321\/revisions"}],"wp:featuredmedia":[{"embeddable":true,"href":"https:\/\/portalv1.com.br\/api\/wp\/v2\/media\/26322"}],"wp:attachment":[{"href":"https:\/\/portalv1.com.br\/api\/wp\/v2\/media?parent=26321"}],"wp:term":[{"taxonomy":"category","embeddable":true,"href":"https:\/\/portalv1.com.br\/api\/wp\/v2\/categories?post=26321"},{"taxonomy":"post_tag","embeddable":true,"href":"https:\/\/portalv1.com.br\/api\/wp\/v2\/tags?post=26321"}],"curies":[{"name":"wp","href":"https:\/\/api.w.org\/{rel}","templated":true}]}}