{"id":2686,"date":"2010-02-09T09:23:41","date_gmt":"2010-02-09T12:23:41","guid":{"rendered":"https:\/\/portalv1.com.br\/?p=2686"},"modified":"2010-02-09T09:23:41","modified_gmt":"2010-02-09T12:23:41","slug":"vice-prefeito-de-novo-oriente-se-reuni-com-coordenador-do-luz-para-todos","status":"publish","type":"post","link":"https:\/\/portalv1.com.br\/vice-prefeito-de-novo-oriente-se-reuni-com-coordenador-do-luz-para-todos\/","title":{"rendered":"Vice prefeito de Novo Oriente se reuni com coordenador do Luz Para Todos."},"content":{"rendered":"<figure id=\"attachment_2687\" aria-describedby=\"caption-attachment-2687\" style=\"width: 300px\" class=\"wp-caption alignright\"><a href=\"https:\/\/portalv1.com.br\/app\/wp-content\/uploads\/2010\/02\/luz.jpg\"><img loading=\"lazy\" decoding=\"async\" class=\"size-full wp-image-2687\" title=\"luz\" src=\"https:\/\/portalv1.com.br\/app\/wp-content\/uploads\/2010\/02\/luz.jpg\" alt=\"Coordenador do Programa Luz Para Todos, Julio Rodrigues\" width=\"300\" height=\"183\" \/><\/a><figcaption id=\"caption-attachment-2687\" class=\"wp-caption-text\">Coordenador do Programa Luz Para Todos, Julio Rodrigues<\/figcaption><\/figure>\n<p>O vice-prefeito de Novo Oriente Afonso Sobreira (PT) esteve reunido na localidade Cap\u00e3o 2 com o coordenador do Programa Luz Para Todos, Julio Rodrigues.<\/p>\n<p>O vice-prefeito pediu a interven\u00e7\u00e3o do coordenador para resolver o problema de duas casas, que n\u00e3o foram contempladas com o programa. Julio Rodrigues prometeu intervir no problema e enalteceu o trabalho do vice-prefeito \u201c\u00e9 louv\u00e1vel a determina\u00e7\u00e3o do vice-prefeito Afonso Sobreira, s\u00e3o poucas as autoridades que tem esse zelo e essa vontade de ajudar seu povo\u201d disse.<\/p>\n<p>As autoridades estiveram tamb\u00e9m na localidade Chapada da Mangueira, que est\u00e1 sendo beneficiada com a energia el\u00e9trica. A eletrifica\u00e7\u00e3o da localidade \u00e9 uma antiga reivindica\u00e7\u00e3o do vice-prefeito.<\/p>\n","protected":false},"excerpt":{"rendered":"<p>O vice-prefeito de Novo Oriente Afonso Sobreira (PT) esteve reunido na localidade Cap\u00e3o 2 com o coordenador do Programa Luz Para Todos, Julio Rodrigues. O vice-prefeito pediu a interven\u00e7\u00e3o do&#8230;<\/p>\n","protected":false},"author":1,"featured_media":0,"comment_status":"open","ping_status":"open","sticky":false,"template":"","format":"standard","meta":{"ngg_post_thumbnail":0,"footnotes":""},"categories":[12],"tags":[38,601,139,39,151],"class_list":["post-2686","post","type-post","status-publish","format-standard","hentry","category-valenca-news","tag-afonso-sobreira","tag-julio-rodrigues","tag-luz-para-todos","tag-novo-oriente","tag-pt"],"views":442,"meta_data":{"thumb":"https:\/\/portalv1.com.br\/app\/wp-content\/uploads\/2010\/02\/luz.jpg","data":{"simple":"09\/02\/2010","date_time":"09\/02\/2010 06:23:41","date":"h\u00e1 16 anos"},"chapeu":"","source":""},"_links":{"self":[{"href":"https:\/\/portalv1.com.br\/api\/wp\/v2\/posts\/2686","targetHints":{"allow":["GET"]}}],"collection":[{"href":"https:\/\/portalv1.com.br\/api\/wp\/v2\/posts"}],"about":[{"href":"https:\/\/portalv1.com.br\/api\/wp\/v2\/types\/post"}],"author":[{"embeddable":true,"href":"https:\/\/portalv1.com.br\/api\/wp\/v2\/users\/1"}],"replies":[{"embeddable":true,"href":"https:\/\/portalv1.com.br\/api\/wp\/v2\/comments?post=2686"}],"version-history":[{"count":0,"href":"https:\/\/portalv1.com.br\/api\/wp\/v2\/posts\/2686\/revisions"}],"wp:attachment":[{"href":"https:\/\/portalv1.com.br\/api\/wp\/v2\/media?parent=2686"}],"wp:term":[{"taxonomy":"category","embeddable":true,"href":"https:\/\/portalv1.com.br\/api\/wp\/v2\/categories?post=2686"},{"taxonomy":"post_tag","embeddable":true,"href":"https:\/\/portalv1.com.br\/api\/wp\/v2\/tags?post=2686"}],"curies":[{"name":"wp","href":"https:\/\/api.w.org\/{rel}","templated":true}]}}