{"id":271273,"date":"2026-08-30T09:10:06","date_gmt":"2026-08-30T12:10:06","guid":{"rendered":"https:\/\/portalv1.com.br\/?p=271273"},"modified":"2026-08-30T09:10:07","modified_gmt":"2026-08-30T12:10:07","slug":"marcelo-castro-anuncia-asfaltamento-de-22-ruas-e-destaca-r-76-milhoes-para-esgotamento-sanitario-em-floriano","status":"publish","type":"post","link":"https:\/\/portalv1.com.br\/marcelo-castro-anuncia-asfaltamento-de-22-ruas-e-destaca-r-76-milhoes-para-esgotamento-sanitario-em-floriano\/","title":{"rendered":"Marcelo Castro anuncia asfaltamento de 22 ruas e destaca R$ 76 milh\u00f5es para esgotamento sanit\u00e1rio em Floriano"},"content":{"rendered":"\n<p class=\"wp-block-paragraph\">O senador e candidato \u00e0 reelei\u00e7\u00e3o Marcelo Castro (MDB-PI) anunciou, na noite de s\u00e1bado (29), o asfaltamento de 22 ruas em Floriano com recursos destinados por seu mandato. Ele fez o an\u00fancio durante o lan\u00e7amento das campanhas do deputado federal Dr. Francisco (PT-PI) e do deputado estadual Marcus Kalume (PT-PI), que disputam a reelei\u00e7\u00e3o.<\/p>\n\n\n\n<p class=\"wp-block-paragraph\">No palco, montado na Pra\u00e7a Sebasti\u00e3o Martins, Marcelo discursou ao lado do governador e candidato \u00e0 reelei\u00e7\u00e3o Rafael Fonteles (PT-PI). O senador afirmou que tamb\u00e9m viabilizou o asfaltamento de outras 42 ruas, cujas obras j\u00e1 foram conclu\u00eddas, e lembrou ter destinado R$ 76 milh\u00f5es para a implanta\u00e7\u00e3o do sistema de esgotamento sanit\u00e1rio da cidade.<\/p>\n\n\n\n<p class=\"wp-block-paragraph\">\u201cNunca Floriano recebeu tanto asfalto de uma s\u00f3 vez como est\u00e1 recebendo agora. Se coloc\u00e1ssemos uma rua atr\u00e1s da outra, seriam 15 km. E os recursos que destinamos para o saneamento equivaleriam, se aplicados em pavimenta\u00e7\u00e3o, a cerca de 260 km de asfalto\u201d, declarou.<\/p>\n\n\n\n<p class=\"wp-block-paragraph\">Marcelo Castro tamb\u00e9m elogiou as atua\u00e7\u00f5es pol\u00edticas de Dr. Francisco, na C\u00e2mara dos Deputados, e de Marcus Kalume, na Assembleia Legislativa do Piau\u00ed (Alepi). Para o senador, os dois est\u00e3o alinhados ao presidente Lula (PT) e ao governador Rafael Fonteles e t\u00eam contribu\u00eddo para a destina\u00e7\u00e3o de investimentos ao interior do estado, especialmente para Floriano.<\/p>\n\n\n\n<p class=\"wp-block-paragraph\">Ainda na tarde de s\u00e1bado, Marcelo participou de um ato pol\u00edtico do Time do Povo em Nossa Senhora dos Rem\u00e9dios. Junto \u00e0 comitiva de Rafael, o parlamentar ressaltou que o aumento da renda e da qualidade de vida da popula\u00e7\u00e3o est\u00e1 entre as prioridades defendidas pelo grupo para os pr\u00f3ximos quatro anos.<\/p>\n\n\n\n<p class=\"wp-block-paragraph\">\u201cO Piau\u00ed avan\u00e7ou muito na educa\u00e7\u00e3o, na longevidade e na renda, mas ainda temos muitas pessoas que n\u00e3o recebem o suficiente para viver com dignidade. A pesca tem grande potencial nesta regi\u00e3o e precisa ser incentivada para gerar renda e dar mais independ\u00eancia financeira \u00e0s fam\u00edlias\u201d, concluiu.<\/p>\n\n\n<figure class=\"wp-block-post-featured-image\"><img loading=\"lazy\" decoding=\"async\" width=\"1280\" height=\"854\" src=\"https:\/\/portalv1.com.br\/app\/wp-content\/uploads\/2026\/08\/WhatsApp-Image-2026-08-30-at-07.27.27.jpeg\" class=\"attachment-post-thumbnail size-post-thumbnail wp-post-image\" alt=\"\" style=\"object-fit:cover;\" srcset=\"https:\/\/portalv1.com.br\/app\/wp-content\/uploads\/2026\/08\/WhatsApp-Image-2026-08-30-at-07.27.27.jpeg 1280w, https:\/\/portalv1.com.br\/app\/wp-content\/uploads\/2026\/08\/WhatsApp-Image-2026-08-30-at-07.27.27-300x200.jpeg 300w, https:\/\/portalv1.com.br\/app\/wp-content\/uploads\/2026\/08\/WhatsApp-Image-2026-08-30-at-07.27.27-640x427.jpeg 640w, https:\/\/portalv1.com.br\/app\/wp-content\/uploads\/2026\/08\/WhatsApp-Image-2026-08-30-at-07.27.27-768x512.jpeg 768w\" sizes=\"auto, (max-width: 1280px) 100vw, 1280px\" \/><\/figure>\n\n\n<figure class=\"wp-block-image size-large\"><img loading=\"lazy\" decoding=\"async\" width=\"640\" height=\"426\" src=\"https:\/\/portalv1.com.br\/app\/wp-content\/uploads\/2026\/08\/WhatsApp-Image-2026-08-30-at-07.27.47-640x426.jpeg\" alt=\"\" class=\"wp-image-271275\" srcset=\"https:\/\/portalv1.com.br\/app\/wp-content\/uploads\/2026\/08\/WhatsApp-Image-2026-08-30-at-07.27.47-640x426.jpeg 640w, https:\/\/portalv1.com.br\/app\/wp-content\/uploads\/2026\/08\/WhatsApp-Image-2026-08-30-at-07.27.47-300x200.jpeg 300w, https:\/\/portalv1.com.br\/app\/wp-content\/uploads\/2026\/08\/WhatsApp-Image-2026-08-30-at-07.27.47-768x512.jpeg 768w, https:\/\/portalv1.com.br\/app\/wp-content\/uploads\/2026\/08\/WhatsApp-Image-2026-08-30-at-07.27.47-1536x1023.jpeg 1536w, https:\/\/portalv1.com.br\/app\/wp-content\/uploads\/2026\/08\/WhatsApp-Image-2026-08-30-at-07.27.47.jpeg 1600w\" sizes=\"auto, (max-width: 640px) 100vw, 640px\" \/><\/figure>\n","protected":false},"excerpt":{"rendered":"<p>O senador e candidato \u00e0 reelei\u00e7\u00e3o Marcelo Castro (MDB-PI) anunciou, na noite de s\u00e1bado (29), o asfaltamento de 22 ruas em Floriano com recursos destinados por seu mandato. Ele fez&#8230;<\/p>\n","protected":false},"author":1,"featured_media":271274,"comment_status":"open","ping_status":"open","sticky":false,"template":"","format":"standard","meta":{"ngg_post_thumbnail":0,"footnotes":""},"categories":[243],"tags":[],"class_list":["post-271273","post","type-post","status-publish","format-standard","has-post-thumbnail","hentry","category-geral"],"views":16,"meta_data":{"thumb":"https:\/\/portalv1.com.br\/app\/wp-content\/uploads\/2026\/08\/WhatsApp-Image-2026-08-30-at-07.27.27.jpeg","imagem":{"fullsize":{"url":"https:\/\/portalv1.com.br\/app\/wp-content\/uploads\/2026\/08\/WhatsApp-Image-2026-08-30-at-07.27.27.jpeg","width":1280,"height":854},"medium":{"url":"https:\/\/portalv1.com.br\/app\/wp-content\/uploads\/2026\/08\/WhatsApp-Image-2026-08-30-at-07.27.27-300x200.jpeg","width":300,"height":200},"large":{"url":"https:\/\/portalv1.com.br\/app\/wp-content\/uploads\/2026\/08\/WhatsApp-Image-2026-08-30-at-07.27.27-640x427.jpeg","width":640,"height":427},"thumbnail":{"url":"https:\/\/portalv1.com.br\/app\/wp-content\/uploads\/2026\/08\/WhatsApp-Image-2026-08-30-at-07.27.27-100x100.jpeg","width":100,"height":100},"medium_large":{"url":"https:\/\/portalv1.com.br\/app\/wp-content\/uploads\/2026\/08\/WhatsApp-Image-2026-08-30-at-07.27.27-768x512.jpeg","width":768,"height":512}},"data":{"simple":"30\/08\/2026","date_time":"30\/08\/2026 06:10:06","date":"h\u00e1 17 horas"},"chapeu":"Saiba mais","source":"foto_menor"},"_links":{"self":[{"href":"https:\/\/portalv1.com.br\/api\/wp\/v2\/posts\/271273","targetHints":{"allow":["GET"]}}],"collection":[{"href":"https:\/\/portalv1.com.br\/api\/wp\/v2\/posts"}],"about":[{"href":"https:\/\/portalv1.com.br\/api\/wp\/v2\/types\/post"}],"author":[{"embeddable":true,"href":"https:\/\/portalv1.com.br\/api\/wp\/v2\/users\/1"}],"replies":[{"embeddable":true,"href":"https:\/\/portalv1.com.br\/api\/wp\/v2\/comments?post=271273"}],"version-history":[{"count":0,"href":"https:\/\/portalv1.com.br\/api\/wp\/v2\/posts\/271273\/revisions"}],"wp:featuredmedia":[{"embeddable":true,"href":"https:\/\/portalv1.com.br\/api\/wp\/v2\/media\/271274"}],"wp:attachment":[{"href":"https:\/\/portalv1.com.br\/api\/wp\/v2\/media?parent=271273"}],"wp:term":[{"taxonomy":"category","embeddable":true,"href":"https:\/\/portalv1.com.br\/api\/wp\/v2\/categories?post=271273"},{"taxonomy":"post_tag","embeddable":true,"href":"https:\/\/portalv1.com.br\/api\/wp\/v2\/tags?post=271273"}],"curies":[{"name":"wp","href":"https:\/\/api.w.org\/{rel}","templated":true}]}}