{"id":271333,"date":"2026-08-31T08:26:31","date_gmt":"2026-08-31T11:26:31","guid":{"rendered":"https:\/\/portalv1.com.br\/?p=271333"},"modified":"2026-08-31T08:26:31","modified_gmt":"2026-08-31T11:26:31","slug":"lourdes-melo-e-transferida-para-uti-apos-avc-candidata-segue-consciente-e-sem-indicacao-de-cirurgia","status":"publish","type":"post","link":"https:\/\/portalv1.com.br\/lourdes-melo-e-transferida-para-uti-apos-avc-candidata-segue-consciente-e-sem-indicacao-de-cirurgia\/","title":{"rendered":"Lourdes Melo \u00e9 transferida para UTI ap\u00f3s AVC candidata segue consciente e sem indica\u00e7\u00e3o de cirurgia"},"content":{"rendered":"\n<p class=\"wp-block-paragraph\">A candidata ao Governo do Piau\u00ed, Lourdes Melo, de 73 anos, foi transferida neste fim de semana de um hospital particular para outro, o Hospital S\u00e3o Marcos, em Teresina, onde permanece internada na Unidade de Terapia Intensiva (UTI). Segundo informa\u00e7\u00f5es divulgadas pela fam\u00edlia, ela est\u00e1 consciente, sob acompanhamento m\u00e9dico e com monitoramento cont\u00ednuo da press\u00e3o arterial.<\/p>\n\n\n\n<p class=\"wp-block-paragraph\">Lourdes sofreu um AVC hemorr\u00e1gico\u00a0ap\u00f3s\u00a0passar mal na sexta-feira (28). At\u00e9 o momento, conforme a atualiza\u00e7\u00e3o divulgada pela fam\u00edlia, o quadro de sa\u00fade n\u00e3o apresentou piora e, inicialmente, n\u00e3o h\u00e1 indica\u00e7\u00e3o de interven\u00e7\u00e3o cir\u00fargica.<\/p>\n\n\n\n<p class=\"wp-block-paragraph\">At\u00e9 o momento, n\u00e3o h\u00e1 previs\u00e3o de alta. A equipe m\u00e9dica programou uma resson\u00e2ncia magn\u00e9tica, exame que dever\u00e1 auxiliar a equipe de neurologia na avalia\u00e7\u00e3o do quadro, na defini\u00e7\u00e3o dos pr\u00f3ximos procedimentos e na investiga\u00e7\u00e3o da poss\u00edvel causa do sangramento. De acordo com a fam\u00edlia, Lourdes segue consciente e recebe acompanhamento m\u00e9dico intensivo. Ainda n\u00e3o h\u00e1 previs\u00e3o de alta hospitalar.<\/p>\n\n\n\n<p class=\"wp-block-paragraph\">Lourdes Melo foi internada na sexta, em Teresina. Segundo informa\u00e7\u00f5es repassadas pela equipe da candidata, ela apresentou um pico de press\u00e3o arterial e precisou permanecer em observa\u00e7\u00e3o hospitalar. Na quinta-feira (27), um dia antes da interna\u00e7\u00e3o, a equipe j\u00e1 havia informado que Lourdes n\u00e3o cumpriria a agenda de campanha prevista para a sexta-feira por motivos de sa\u00fade.<\/p>\n\n\n\n<p class=\"wp-block-paragraph\">Um novo boletim sobre o estado de sa\u00fade da candidata deve ser divulgado nesta segunda-feira (31).<\/p>\n\n\n\n<p class=\"wp-block-paragraph\"><strong>Trajet\u00f3ria pol\u00edtica<\/strong><\/p>\n\n\n\n<p class=\"wp-block-paragraph\">Professora aposentada, sindicalista e militante hist\u00f3rica da esquerda, Lourdes Melo \u00e9 natural de Pedreiras, no Maranh\u00e3o, e mora em Teresina desde a d\u00e9cada de 1970. Ao longo da trajet\u00f3ria, construiu atua\u00e7\u00e3o ligada aos movimentos sindicais e \u00e0 defesa da educa\u00e7\u00e3o p\u00fablica.<\/p>\n\n\n\n<p class=\"wp-block-paragraph\">Lourdes disputa elei\u00e7\u00f5es desde 1992 e j\u00e1 concorreu a cargos como prefeita de Teresina, vice-governadora e governadora do Piau\u00ed. Filiada ao Partido da Causa Oper\u00e1ria (PCO) desde 2005, tornou-se uma das principais representantes da legenda no estado.<\/p>\n\n\n\n<p class=\"wp-block-paragraph\"><strong>NOTA DE ATUALIZA\u00c7\u00c3O &#8211; ESTADO DE SA\u00daDE DA PROF. LOURDES MELO<\/strong><\/p>\n\n\n\n<p class=\"wp-block-paragraph\">A fam\u00edlia da professora Lourdes Melo informa que, na noite de ontem, ela foi transferida para o Hospital S\u00e3o Marcos, onde permanece na Unidade de Terapia Intensiva (UTI), sob acompanhamento m\u00e9dico e monitoramento cont\u00ednuo da press\u00e3o arterial.<\/p>\n\n\n\n<p class=\"wp-block-paragraph\">At\u00e9 o momento, seu quadro n\u00e3o apresentou piora e, inicialmente, n\u00e3o h\u00e1 indica\u00e7\u00e3o de interven\u00e7\u00e3o cir\u00fargica. Neste domingo, Lourdes ser\u00e1 submetida a um exame de resson\u00e2ncia magn\u00e9tica, que auxiliar\u00e1 a equipe de neurologia na avalia\u00e7\u00e3o do quadro, na defini\u00e7\u00e3o dos pr\u00f3ximos procedimentos e na investiga\u00e7\u00e3o da poss\u00edvel causa do sangramento.<\/p>\n\n\n\n<p class=\"wp-block-paragraph\">Lourdes segue consciente e sendo cuidadosamente assistida. Ela e a fam\u00edlia registram seu agradecimento a toda a equipe do Itacor, pelos cuidados prestados desde o primeiro atendimento, e \u00e0 equipe do Hospital S\u00e3o Marcos, que agora acompanha sua recupera\u00e7\u00e3o.<\/p>\n\n\n\n<p class=\"wp-block-paragraph\">A fam\u00edlia agradece, de cora\u00e7\u00e3o, todas as manifesta\u00e7\u00f5es de carinho, solidariedade, preocupa\u00e7\u00e3o e as mensagens recebidas neste momento. Seguimos confiantes e, assim que houver novas informa\u00e7\u00f5es relevantes, manteremos todos atualizados.<\/p>\n\n\n\n<p class=\"wp-block-paragraph\">Fam\u00edlia de Lourdes Melo<\/p>\n\n\n<figure class=\"wp-block-post-featured-image\"><img loading=\"lazy\" decoding=\"async\" width=\"800\" height=\"484\" src=\"https:\/\/portalv1.com.br\/app\/wp-content\/uploads\/2026\/08\/lerdes.webp\" class=\"attachment-post-thumbnail size-post-thumbnail wp-post-image\" alt=\"\" style=\"object-fit:cover;\" srcset=\"https:\/\/portalv1.com.br\/app\/wp-content\/uploads\/2026\/08\/lerdes.webp 800w, https:\/\/portalv1.com.br\/app\/wp-content\/uploads\/2026\/08\/lerdes-300x182.webp 300w, https:\/\/portalv1.com.br\/app\/wp-content\/uploads\/2026\/08\/lerdes-640x387.webp 640w, https:\/\/portalv1.com.br\/app\/wp-content\/uploads\/2026\/08\/lerdes-768x465.webp 768w\" sizes=\"auto, (max-width: 800px) 100vw, 800px\" \/><\/figure>\n\n\n<p class=\"wp-block-paragraph\">Fonte Portal O Dia<\/p>\n","protected":false},"excerpt":{"rendered":"<p>A candidata ao Governo do Piau\u00ed, Lourdes Melo, de 73 anos, foi transferida neste fim de semana de um hospital particular para outro, o Hospital S\u00e3o Marcos, em Teresina, onde&#8230;<\/p>\n","protected":false},"author":1,"featured_media":271334,"comment_status":"open","ping_status":"open","sticky":false,"template":"","format":"standard","meta":{"ngg_post_thumbnail":0,"footnotes":""},"categories":[243],"tags":[],"class_list":["post-271333","post","type-post","status-publish","format-standard","has-post-thumbnail","hentry","category-geral"],"views":65,"meta_data":{"thumb":"https:\/\/portalv1.com.br\/app\/wp-content\/uploads\/2026\/08\/lerdes.webp","imagem":{"fullsize":{"url":"https:\/\/portalv1.com.br\/app\/wp-content\/uploads\/2026\/08\/lerdes.webp","width":800,"height":484},"medium":{"url":"https:\/\/portalv1.com.br\/app\/wp-content\/uploads\/2026\/08\/lerdes-300x182.webp","width":300,"height":182},"large":{"url":"https:\/\/portalv1.com.br\/app\/wp-content\/uploads\/2026\/08\/lerdes-640x387.webp","width":640,"height":387},"thumbnail":{"url":"https:\/\/portalv1.com.br\/app\/wp-content\/uploads\/2026\/08\/lerdes-100x100.webp","width":100,"height":100},"medium_large":{"url":"https:\/\/portalv1.com.br\/app\/wp-content\/uploads\/2026\/08\/lerdes-768x465.webp","width":768,"height":465}},"data":{"simple":"31\/08\/2026","date_time":"31\/08\/2026 05:26:31","date":"h\u00e1 2 dias"},"chapeu":"Saiba mais","source":"slide"},"_links":{"self":[{"href":"https:\/\/portalv1.com.br\/api\/wp\/v2\/posts\/271333","targetHints":{"allow":["GET"]}}],"collection":[{"href":"https:\/\/portalv1.com.br\/api\/wp\/v2\/posts"}],"about":[{"href":"https:\/\/portalv1.com.br\/api\/wp\/v2\/types\/post"}],"author":[{"embeddable":true,"href":"https:\/\/portalv1.com.br\/api\/wp\/v2\/users\/1"}],"replies":[{"embeddable":true,"href":"https:\/\/portalv1.com.br\/api\/wp\/v2\/comments?post=271333"}],"version-history":[{"count":0,"href":"https:\/\/portalv1.com.br\/api\/wp\/v2\/posts\/271333\/revisions"}],"wp:featuredmedia":[{"embeddable":true,"href":"https:\/\/portalv1.com.br\/api\/wp\/v2\/media\/271334"}],"wp:attachment":[{"href":"https:\/\/portalv1.com.br\/api\/wp\/v2\/media?parent=271333"}],"wp:term":[{"taxonomy":"category","embeddable":true,"href":"https:\/\/portalv1.com.br\/api\/wp\/v2\/categories?post=271333"},{"taxonomy":"post_tag","embeddable":true,"href":"https:\/\/portalv1.com.br\/api\/wp\/v2\/tags?post=271333"}],"curies":[{"name":"wp","href":"https:\/\/api.w.org\/{rel}","templated":true}]}}