{"id":271342,"date":"2026-08-31T21:16:03","date_gmt":"2026-09-01T00:16:03","guid":{"rendered":"https:\/\/portalv1.com.br\/?p=271342"},"modified":"2026-08-31T21:16:03","modified_gmt":"2026-09-01T00:16:03","slug":"justica-rejeita-tentativa-de-barrar-julim-do-lula-e-rafael-reforca-isso-e-desespero","status":"publish","type":"post","link":"https:\/\/portalv1.com.br\/justica-rejeita-tentativa-de-barrar-julim-do-lula-e-rafael-reforca-isso-e-desespero\/","title":{"rendered":"Justi\u00e7a rejeita tentativa de barrar \u201cJulim do Lula\u201d e Rafael refor\u00e7a: \u201cIsso \u00e9 desespero\u201d"},"content":{"rendered":"\n<p class=\"wp-block-paragraph\">TRE-PI rejeitou pedido para impedir o uso da express\u00e3o na propaganda de J\u00falio C\u00e9sar; governador Rafael Fonteles classificou rea\u00e7\u00e3o da oposi\u00e7\u00e3o como \u201cdesespero\u201d<\/p>\n\n\n\n<p class=\"wp-block-paragraph\">A Justi\u00e7a Eleitoral rejeitou o pedido para impedir o uso da express\u00e3o \u201cJulim do Lula\u201d na campanha de J\u00falio C\u00e9sar (PSD) ao Senado. Em decis\u00e3o nesta segunda-feira (31), o Tribunal Regional Eleitoral do Piau\u00ed (TRE-PI) negou a tentativa de suspender o uso da express\u00e3o e destacou que o apoio do presidente Luiz In\u00e1cio Lula da Silva a J\u00falio C\u00e9sar \u00e9 fato p\u00fablico e not\u00f3rio.<\/p>\n\n\n\n<p class=\"wp-block-paragraph\">A representa\u00e7\u00e3o questionava express\u00f5es como \u201cJulinho do Lula\u201d, \u201cJulim de Lula\u201d e \u201cJulim do Lula\u201d, usadas em materiais da campanha. Ao analisar o pedido de urg\u00eancia, o juiz Rodrigo Pinheiro do Nascimento, da Comiss\u00e3o de Propaganda 2026 do TRE-PI, entendeu que n\u00e3o havia elementos para determinar a retirada.<\/p>\n\n\n\n<p class=\"wp-block-paragraph\">Um dos pontos centrais da decis\u00e3o foi justamente a rela\u00e7\u00e3o pol\u00edtica entre Lula e J\u00falio C\u00e9sar. O magistrado considerou o posicionamento nacional do PT e a alian\u00e7a entre PT e PSD no Piau\u00ed. Para o juiz, \u201cn\u00e3o h\u00e1 que se falar em falseamento da realidade para induzir o eleitor a erro\u201d.<\/p>\n\n\n\n<p class=\"wp-block-paragraph\">A disputa chegou tamb\u00e9m ao debate pol\u00edtico. Durante entrevista \u00e0 TV Meio Norte nesta segunda-feira, o governador Rafael Fonteles (PT) reagiu \u00e0 tentativa da oposi\u00e7\u00e3o de impedir o uso de \u201cJulim do Lula\u201d pela campanha de J\u00falio C\u00e9sar.<\/p>\n\n\n<figure class=\"wp-block-post-featured-image\"><img loading=\"lazy\" decoding=\"async\" width=\"1280\" height=\"731\" src=\"https:\/\/portalv1.com.br\/app\/wp-content\/uploads\/2026\/08\/WhatsApp-Image-2026-08-31-at-17.10.57.jpeg\" class=\"attachment-post-thumbnail size-post-thumbnail wp-post-image\" alt=\"\" style=\"object-fit:cover;\" srcset=\"https:\/\/portalv1.com.br\/app\/wp-content\/uploads\/2026\/08\/WhatsApp-Image-2026-08-31-at-17.10.57.jpeg 1280w, https:\/\/portalv1.com.br\/app\/wp-content\/uploads\/2026\/08\/WhatsApp-Image-2026-08-31-at-17.10.57-300x171.jpeg 300w, https:\/\/portalv1.com.br\/app\/wp-content\/uploads\/2026\/08\/WhatsApp-Image-2026-08-31-at-17.10.57-640x366.jpeg 640w, https:\/\/portalv1.com.br\/app\/wp-content\/uploads\/2026\/08\/WhatsApp-Image-2026-08-31-at-17.10.57-768x439.jpeg 768w\" sizes=\"auto, (max-width: 1280px) 100vw, 1280px\" \/><\/figure>","protected":false},"excerpt":{"rendered":"<p>TRE-PI rejeitou pedido para impedir o uso da express\u00e3o na propaganda de J\u00falio C\u00e9sar; governador Rafael Fonteles classificou rea\u00e7\u00e3o da oposi\u00e7\u00e3o como \u201cdesespero\u201d A Justi\u00e7a Eleitoral rejeitou o pedido para&#8230;<\/p>\n","protected":false},"author":1,"featured_media":271343,"comment_status":"open","ping_status":"open","sticky":false,"template":"","format":"standard","meta":{"ngg_post_thumbnail":0,"footnotes":""},"categories":[243],"tags":[],"class_list":["post-271342","post","type-post","status-publish","format-standard","has-post-thumbnail","hentry","category-geral"],"views":36,"meta_data":{"thumb":"https:\/\/portalv1.com.br\/app\/wp-content\/uploads\/2026\/08\/WhatsApp-Image-2026-08-31-at-17.10.57.jpeg","imagem":{"fullsize":{"url":"https:\/\/portalv1.com.br\/app\/wp-content\/uploads\/2026\/08\/WhatsApp-Image-2026-08-31-at-17.10.57.jpeg","width":1280,"height":731},"medium":{"url":"https:\/\/portalv1.com.br\/app\/wp-content\/uploads\/2026\/08\/WhatsApp-Image-2026-08-31-at-17.10.57-300x171.jpeg","width":300,"height":171},"large":{"url":"https:\/\/portalv1.com.br\/app\/wp-content\/uploads\/2026\/08\/WhatsApp-Image-2026-08-31-at-17.10.57-640x366.jpeg","width":640,"height":366},"thumbnail":{"url":"https:\/\/portalv1.com.br\/app\/wp-content\/uploads\/2026\/08\/WhatsApp-Image-2026-08-31-at-17.10.57-100x100.jpeg","width":100,"height":100},"medium_large":{"url":"https:\/\/portalv1.com.br\/app\/wp-content\/uploads\/2026\/08\/WhatsApp-Image-2026-08-31-at-17.10.57-768x439.jpeg","width":768,"height":439}},"data":{"simple":"31\/08\/2026","date_time":"31\/08\/2026 18:16:03","date":"h\u00e1 1 dia"},"chapeu":"Saiba mais","source":"slide"},"_links":{"self":[{"href":"https:\/\/portalv1.com.br\/api\/wp\/v2\/posts\/271342","targetHints":{"allow":["GET"]}}],"collection":[{"href":"https:\/\/portalv1.com.br\/api\/wp\/v2\/posts"}],"about":[{"href":"https:\/\/portalv1.com.br\/api\/wp\/v2\/types\/post"}],"author":[{"embeddable":true,"href":"https:\/\/portalv1.com.br\/api\/wp\/v2\/users\/1"}],"replies":[{"embeddable":true,"href":"https:\/\/portalv1.com.br\/api\/wp\/v2\/comments?post=271342"}],"version-history":[{"count":0,"href":"https:\/\/portalv1.com.br\/api\/wp\/v2\/posts\/271342\/revisions"}],"wp:featuredmedia":[{"embeddable":true,"href":"https:\/\/portalv1.com.br\/api\/wp\/v2\/media\/271343"}],"wp:attachment":[{"href":"https:\/\/portalv1.com.br\/api\/wp\/v2\/media?parent=271342"}],"wp:term":[{"taxonomy":"category","embeddable":true,"href":"https:\/\/portalv1.com.br\/api\/wp\/v2\/categories?post=271342"},{"taxonomy":"post_tag","embeddable":true,"href":"https:\/\/portalv1.com.br\/api\/wp\/v2\/tags?post=271342"}],"curies":[{"name":"wp","href":"https:\/\/api.w.org\/{rel}","templated":true}]}}