{"id":271502,"date":"2026-09-01T12:25:57","date_gmt":"2026-09-01T15:25:57","guid":{"rendered":"https:\/\/portalv1.com.br\/?p=271502"},"modified":"2026-09-01T12:25:58","modified_gmt":"2026-09-01T15:25:58","slug":"joel-expoe-rafael-durante-discursos-em-viagens-pelo-piaui-e-recebe-novas-adesoes","status":"publish","type":"post","link":"https:\/\/portalv1.com.br\/joel-expoe-rafael-durante-discursos-em-viagens-pelo-piaui-e-recebe-novas-adesoes\/","title":{"rendered":"Joel exp\u00f5e Rafael durante discursos em viagens pelo Piau\u00ed e recebe novas ades\u00f5es"},"content":{"rendered":"\n<p class=\"wp-block-paragraph\">O pr\u00e9-candidato a governador do Piau\u00ed Joel Rodrigues, presidente estadual do Progressistas, tem recebido novas ades\u00f5es durante a intensa agenda que vem cumprido por diversas cidades do estado, em campanha.<\/p>\n\n\n\n<p class=\"wp-block-paragraph\">Nesta segunda-feira (31), por exemplo, Joel percorreu os munic\u00edpios de Miguel Le\u00e3o e Uni\u00e3o, encerrando a agenda por Teresina, em uma agenda marcada por encontros, caminhadas, di\u00e1logo com a popula\u00e7\u00e3o e grandes reuni\u00f5es pol\u00edticas.<\/p>\n\n\n\n<p class=\"wp-block-paragraph\">A maratona come\u00e7ou em Miguel Le\u00e3o, onde Joel participou dos tradicionais festejos de S\u00e3o Raimundo Nonato. Ao lado da prefeita Neuza Ara\u00fajo, vereadores e lideran\u00e7as locais, o candidato acompanhou as celebra\u00e7\u00f5es e, em seguida, esteve com apoiadores pelas ruas do munic\u00edpio.<\/p>\n\n\n\n<p class=\"wp-block-paragraph\">De Miguel Le\u00e3o, Joel seguiu para Uni\u00e3o, onde tamb\u00e9m participou dos festejos de S\u00e3o Raimundo Nonato. Recepcionado pelo prefeito Gustavo Medeiros, por lideran\u00e7as e muitos amigos, o candidato voltou a caminhar pelas ruas e a conversar diretamente com a popula\u00e7\u00e3o.<\/p>\n\n\n\n<p class=\"wp-block-paragraph\">J\u00e1 em Teresina, Joel participou do encontro com o movimento Mulheres Progressistas, ao lado do senador Ciro Nogueira, da ex-deputada Iracema Portela e de convidadas que integram o movimento. Como presidente estadual do Progressistas, Joel tem incentivado a participa\u00e7\u00e3o feminina na pol\u00edtica, para ampliar a presen\u00e7a das mulheres nos espa\u00e7os de decis\u00e3o e lideran\u00e7a partid\u00e1ria.<\/p>\n\n\n\n<p class=\"wp-block-paragraph\">Joel afirmou que tem feito uma exposi\u00e7\u00e3o ao eleitor sobre quem comanda o Piau\u00ed, estando no mesmo grupo pol\u00edtico j\u00e1 h\u00e1 quase 25 anos, que \u00e9 o governador Rafael Fonteles. O candidato tem apresentado o que \u00e9 um \u201cPiau\u00ed de verdade\u201d e n\u00e3o o \u201cda propaganda\u201d, com problemas que se repetem ano ap\u00f3s ano, como \u00e9 o caso, por exemplo, da falta de abastecimento d\u2019\u00e1gua.<\/p>\n\n\n\n<p class=\"wp-block-paragraph\">\u201cH\u00e1 um Piau\u00ed que a maioria das pessoas ainda n\u00e3o conhece. Este \u00e9 o Piau\u00ed da realidade, onde tem muita gente sofrendo sem o devido abastecimento d\u2019\u00e1gua, sem um atendimento m\u00e9dico decente, com uma educa\u00e7\u00e3o onde o prometido ensino integral \u00e9 apenas de fachada. E em cada momento como este, apresentamos nossas propostas. E isso tem feito as pessoas nos seguirem, acreditarem em nosso projeto para o estado\u201d, afirmou Joel<\/p>\n\n\n\n<p class=\"wp-block-paragraph\">A agenda terminou com duas grandes reuni\u00f5es na zona Norte de Teresina, mais precisamente no bairro Mocambinho. A primeira, comandada pelo vereador Lu\u00eds Andr\u00e9, e a segunda, pelo vereador Alu\u00edsio Sampaio. Nos dois encontros, o que se viu foi muita energia, participa\u00e7\u00e3o e manifesta\u00e7\u00f5es de apoio ao projeto liderado por Joel Rodrigues.<\/p>\n\n\n<figure class=\"wp-block-post-featured-image\"><img loading=\"lazy\" decoding=\"async\" width=\"1280\" height=\"854\" src=\"https:\/\/portalv1.com.br\/app\/wp-content\/uploads\/2026\/09\/WhatsApp-Image-2026-09-01-at-10.34.41.jpeg\" class=\"attachment-post-thumbnail size-post-thumbnail wp-post-image\" alt=\"\" style=\"object-fit:cover;\" srcset=\"https:\/\/portalv1.com.br\/app\/wp-content\/uploads\/2026\/09\/WhatsApp-Image-2026-09-01-at-10.34.41.jpeg 1280w, https:\/\/portalv1.com.br\/app\/wp-content\/uploads\/2026\/09\/WhatsApp-Image-2026-09-01-at-10.34.41-300x200.jpeg 300w, https:\/\/portalv1.com.br\/app\/wp-content\/uploads\/2026\/09\/WhatsApp-Image-2026-09-01-at-10.34.41-640x427.jpeg 640w, https:\/\/portalv1.com.br\/app\/wp-content\/uploads\/2026\/09\/WhatsApp-Image-2026-09-01-at-10.34.41-768x512.jpeg 768w\" sizes=\"auto, (max-width: 1280px) 100vw, 1280px\" \/><\/figure>","protected":false},"excerpt":{"rendered":"<p>O pr\u00e9-candidato a governador do Piau\u00ed Joel Rodrigues, presidente estadual do Progressistas, tem recebido novas ades\u00f5es durante a intensa agenda que vem cumprido por diversas cidades do estado, em campanha&#8230;.<\/p>\n","protected":false},"author":1,"featured_media":271503,"comment_status":"open","ping_status":"open","sticky":false,"template":"","format":"standard","meta":{"ngg_post_thumbnail":0,"footnotes":""},"categories":[243],"tags":[],"class_list":["post-271502","post","type-post","status-publish","format-standard","has-post-thumbnail","hentry","category-geral"],"views":19,"meta_data":{"thumb":"https:\/\/portalv1.com.br\/app\/wp-content\/uploads\/2026\/09\/WhatsApp-Image-2026-09-01-at-10.34.41.jpeg","imagem":{"fullsize":{"url":"https:\/\/portalv1.com.br\/app\/wp-content\/uploads\/2026\/09\/WhatsApp-Image-2026-09-01-at-10.34.41.jpeg","width":1280,"height":854},"medium":{"url":"https:\/\/portalv1.com.br\/app\/wp-content\/uploads\/2026\/09\/WhatsApp-Image-2026-09-01-at-10.34.41-300x200.jpeg","width":300,"height":200},"large":{"url":"https:\/\/portalv1.com.br\/app\/wp-content\/uploads\/2026\/09\/WhatsApp-Image-2026-09-01-at-10.34.41-640x427.jpeg","width":640,"height":427},"thumbnail":{"url":"https:\/\/portalv1.com.br\/app\/wp-content\/uploads\/2026\/09\/WhatsApp-Image-2026-09-01-at-10.34.41-100x100.jpeg","width":100,"height":100},"medium_large":{"url":"https:\/\/portalv1.com.br\/app\/wp-content\/uploads\/2026\/09\/WhatsApp-Image-2026-09-01-at-10.34.41-768x512.jpeg","width":768,"height":512}},"data":{"simple":"01\/09\/2026","date_time":"01\/09\/2026 09:25:57","date":"h\u00e1 14 horas"},"chapeu":"Saiba mais","source":"foto_menor"},"_links":{"self":[{"href":"https:\/\/portalv1.com.br\/api\/wp\/v2\/posts\/271502","targetHints":{"allow":["GET"]}}],"collection":[{"href":"https:\/\/portalv1.com.br\/api\/wp\/v2\/posts"}],"about":[{"href":"https:\/\/portalv1.com.br\/api\/wp\/v2\/types\/post"}],"author":[{"embeddable":true,"href":"https:\/\/portalv1.com.br\/api\/wp\/v2\/users\/1"}],"replies":[{"embeddable":true,"href":"https:\/\/portalv1.com.br\/api\/wp\/v2\/comments?post=271502"}],"version-history":[{"count":0,"href":"https:\/\/portalv1.com.br\/api\/wp\/v2\/posts\/271502\/revisions"}],"wp:featuredmedia":[{"embeddable":true,"href":"https:\/\/portalv1.com.br\/api\/wp\/v2\/media\/271503"}],"wp:attachment":[{"href":"https:\/\/portalv1.com.br\/api\/wp\/v2\/media?parent=271502"}],"wp:term":[{"taxonomy":"category","embeddable":true,"href":"https:\/\/portalv1.com.br\/api\/wp\/v2\/categories?post=271502"},{"taxonomy":"post_tag","embeddable":true,"href":"https:\/\/portalv1.com.br\/api\/wp\/v2\/tags?post=271502"}],"curies":[{"name":"wp","href":"https:\/\/api.w.org\/{rel}","templated":true}]}}