{"id":271504,"date":"2026-09-01T12:27:02","date_gmt":"2026-09-01T15:27:02","guid":{"rendered":"https:\/\/portalv1.com.br\/?p=271504"},"modified":"2026-09-01T12:27:03","modified_gmt":"2026-09-01T15:27:03","slug":"marcelo-castro-ressalta-forca-eleitoral-de-aliados-e-participa-de-procissao-em-uniao","status":"publish","type":"post","link":"https:\/\/portalv1.com.br\/marcelo-castro-ressalta-forca-eleitoral-de-aliados-e-participa-de-procissao-em-uniao\/","title":{"rendered":"Marcelo Castro ressalta for\u00e7a eleitoral de aliados e participa de prociss\u00e3o em Uni\u00e3o"},"content":{"rendered":"\n<p class=\"wp-block-paragraph\">O senador e candidato \u00e0 reelei\u00e7\u00e3o Marcelo Castro (MDB-PI) participou, nesta segunda-feira (31), de atos de campanha ao lado de candidatos aliados em Teresina e acompanhou a prociss\u00e3o de S\u00e3o Raimundo Nonato, em Uni\u00e3o. Durante os encontros, o parlamentar destacou a trajet\u00f3ria pol\u00edtica e projetou bom desempenho eleitoral dos nomes apoiados pelo Time do Povo.<\/p>\n\n\n\n<p class=\"wp-block-paragraph\">Em agenda com Z\u00e9 Santana (PT-PI), candidato a deputado federal, e Rubens Vieira (PT-PI), que disputa a reelei\u00e7\u00e3o para a Assembleia Legislativa do Piau\u00ed (Alepi), Marcelo ressaltou a experi\u00eancia pol\u00edtica e administrativa dos dois. O senador afirmou que Rubens deve ser um dos deputados estaduais mais votados e apontou que Z\u00e9 Santana est\u00e1 entre os principais nomes do PT na disputa pelas vagas da bancada federal.<\/p>\n\n\n\n<p class=\"wp-block-paragraph\">Marcelo Castro tamb\u00e9m esteve no encontro organizado pelo ex-vereador C\u00edcero Magalh\u00e3es (PT-PI) e refor\u00e7ou apoio \u00e0s candidaturas de Franz\u00e9 Silva (PT-PI) a deputado federal e Eduardo Draga Alana (PSD-PI) a deputado estadual. O candidato do MDB declarou que a elei\u00e7\u00e3o de Franz\u00e9 para a C\u00e2mara dos Deputados contribuir\u00e1 para fortalecer a base do presidente Lula (PT) no Congresso Nacional.<\/p>\n\n\n\n<p class=\"wp-block-paragraph\">\u201cRubens teve a oportunidade, deu conta do recado e cresceu. Foi prefeito de Cocal, \u00e9 deputado estadual e faz um excelente mandato. Z\u00e9 Santana tamb\u00e9m foi um excelente deputado estadual e presidente da Agespisa. Franz\u00e9 j\u00e1 presidiu a Assembleia Legislativa e vai ajudar o presidente Lula em Bras\u00edlia, enquanto Draga Alana mostrou sua for\u00e7a como vereador e merece chegar \u00e0 Assembleia\u201d, disse Marcelo.<\/p>\n\n\n\n<p class=\"wp-block-paragraph\">O senador participou ainda da prociss\u00e3o de S\u00e3o Raimundo Nonato, em Uni\u00e3o, ao lado do prefeito Gustavo Medeiros (Progressistas-PI) e de lideran\u00e7as locais. A celebra\u00e7\u00e3o reuniu fi\u00e9is nas ruas do munic\u00edpio durante os festejos em homenagem ao santo padroeiro.<\/p>\n\n\n\n<p class=\"wp-block-paragraph\">\u201c\u00c9 um momento de muita f\u00e9 e espiritualidade. Tenho uma grande satisfa\u00e7\u00e3o de estar aqui, ao lado do prefeito Gustavo, participando de um evento t\u00e3o importante para a religiosidade da cidade de Uni\u00e3o\u201d, destacou o parlamentar.<\/p>\n\n\n<figure class=\"wp-block-post-featured-image\"><img loading=\"lazy\" decoding=\"async\" width=\"1280\" height=\"854\" src=\"https:\/\/portalv1.com.br\/app\/wp-content\/uploads\/2026\/09\/WhatsApp-Image-2026-09-01-at-10.05.45.jpeg\" class=\"attachment-post-thumbnail size-post-thumbnail wp-post-image\" alt=\"\" style=\"object-fit:cover;\" srcset=\"https:\/\/portalv1.com.br\/app\/wp-content\/uploads\/2026\/09\/WhatsApp-Image-2026-09-01-at-10.05.45.jpeg 1280w, https:\/\/portalv1.com.br\/app\/wp-content\/uploads\/2026\/09\/WhatsApp-Image-2026-09-01-at-10.05.45-300x200.jpeg 300w, https:\/\/portalv1.com.br\/app\/wp-content\/uploads\/2026\/09\/WhatsApp-Image-2026-09-01-at-10.05.45-640x427.jpeg 640w, https:\/\/portalv1.com.br\/app\/wp-content\/uploads\/2026\/09\/WhatsApp-Image-2026-09-01-at-10.05.45-768x512.jpeg 768w\" sizes=\"auto, (max-width: 1280px) 100vw, 1280px\" \/><\/figure>","protected":false},"excerpt":{"rendered":"<p>O senador e candidato \u00e0 reelei\u00e7\u00e3o Marcelo Castro (MDB-PI) participou, nesta segunda-feira (31), de atos de campanha ao lado de candidatos aliados em Teresina e acompanhou a prociss\u00e3o de S\u00e3o&#8230;<\/p>\n","protected":false},"author":1,"featured_media":271505,"comment_status":"open","ping_status":"open","sticky":false,"template":"","format":"standard","meta":{"ngg_post_thumbnail":0,"footnotes":""},"categories":[243],"tags":[],"class_list":["post-271504","post","type-post","status-publish","format-standard","has-post-thumbnail","hentry","category-geral"],"views":18,"meta_data":{"thumb":"https:\/\/portalv1.com.br\/app\/wp-content\/uploads\/2026\/09\/WhatsApp-Image-2026-09-01-at-10.05.45.jpeg","imagem":{"fullsize":{"url":"https:\/\/portalv1.com.br\/app\/wp-content\/uploads\/2026\/09\/WhatsApp-Image-2026-09-01-at-10.05.45.jpeg","width":1280,"height":854},"medium":{"url":"https:\/\/portalv1.com.br\/app\/wp-content\/uploads\/2026\/09\/WhatsApp-Image-2026-09-01-at-10.05.45-300x200.jpeg","width":300,"height":200},"large":{"url":"https:\/\/portalv1.com.br\/app\/wp-content\/uploads\/2026\/09\/WhatsApp-Image-2026-09-01-at-10.05.45-640x427.jpeg","width":640,"height":427},"thumbnail":{"url":"https:\/\/portalv1.com.br\/app\/wp-content\/uploads\/2026\/09\/WhatsApp-Image-2026-09-01-at-10.05.45-100x100.jpeg","width":100,"height":100},"medium_large":{"url":"https:\/\/portalv1.com.br\/app\/wp-content\/uploads\/2026\/09\/WhatsApp-Image-2026-09-01-at-10.05.45-768x512.jpeg","width":768,"height":512}},"data":{"simple":"01\/09\/2026","date_time":"01\/09\/2026 09:27:02","date":"h\u00e1 14 horas"},"chapeu":"Saiba mais","source":"foto_menor"},"_links":{"self":[{"href":"https:\/\/portalv1.com.br\/api\/wp\/v2\/posts\/271504","targetHints":{"allow":["GET"]}}],"collection":[{"href":"https:\/\/portalv1.com.br\/api\/wp\/v2\/posts"}],"about":[{"href":"https:\/\/portalv1.com.br\/api\/wp\/v2\/types\/post"}],"author":[{"embeddable":true,"href":"https:\/\/portalv1.com.br\/api\/wp\/v2\/users\/1"}],"replies":[{"embeddable":true,"href":"https:\/\/portalv1.com.br\/api\/wp\/v2\/comments?post=271504"}],"version-history":[{"count":0,"href":"https:\/\/portalv1.com.br\/api\/wp\/v2\/posts\/271504\/revisions"}],"wp:featuredmedia":[{"embeddable":true,"href":"https:\/\/portalv1.com.br\/api\/wp\/v2\/media\/271505"}],"wp:attachment":[{"href":"https:\/\/portalv1.com.br\/api\/wp\/v2\/media?parent=271504"}],"wp:term":[{"taxonomy":"category","embeddable":true,"href":"https:\/\/portalv1.com.br\/api\/wp\/v2\/categories?post=271504"},{"taxonomy":"post_tag","embeddable":true,"href":"https:\/\/portalv1.com.br\/api\/wp\/v2\/tags?post=271504"}],"curies":[{"name":"wp","href":"https:\/\/api.w.org\/{rel}","templated":true}]}}