{"id":271506,"date":"2026-09-01T12:29:05","date_gmt":"2026-09-01T15:29:05","guid":{"rendered":"https:\/\/portalv1.com.br\/?p=271506"},"modified":"2026-09-01T12:29:05","modified_gmt":"2026-09-01T15:29:05","slug":"dr-thales-coelho-aparece-entre-os-nomes-mais-lembrados-para-deputado-estadual-em-pesquisa","status":"publish","type":"post","link":"https:\/\/portalv1.com.br\/dr-thales-coelho-aparece-entre-os-nomes-mais-lembrados-para-deputado-estadual-em-pesquisa\/","title":{"rendered":"Dr. Thales Coelho aparece entre os nomes mais lembrados para deputado estadual em pesquisa"},"content":{"rendered":"\n<p class=\"wp-block-paragraph\">O deputado estadual Dr. Thales Coelho (PT), candidato \u00e0 reelei\u00e7\u00e3o, aparece entre os nomes mais lembrados pelos eleitores piauienses na disputa por uma vaga na Assembleia Legislativa do Piau\u00ed (Alepi), segundo pesquisa de inten\u00e7\u00e3o de voto realizada pelo Instituto Opinar e divulgada nesta segunda-feira (31).<\/p>\n\n\n\n<p class=\"wp-block-paragraph\">No levantamento espont\u00e2neo para deputado estadual, modalidade em que o entrevistado informa livremente o nome de sua prefer\u00eancia, sem apresenta\u00e7\u00e3o de lista de candidatos, Dr. Thales Coelho foi citado por 10 entrevistados, o equivalente a 0,83% das inten\u00e7\u00f5es de voto.<\/p>\n\n\n\n<p class=\"wp-block-paragraph\">O resultado refor\u00e7a a presen\u00e7a de Dr. Thales Coelho no cen\u00e1rio pol\u00edtico estadual, em um momento de ampla dispers\u00e3o das inten\u00e7\u00f5es de voto, com mais de 20 nomes citados espontaneamente pelos entrevistados.<\/p>\n\n\n\n<p class=\"wp-block-paragraph\">Ao comentar o resultado, o deputado avaliou positivamente o levantamento. &#8220;\u00c9 a resposta das ruas ao trabalho que a gente vem fazendo h\u00e1 quatro anos. Numa pesquisa espont\u00e2nea, em que o eleitor cita o nome de cabe\u00e7a, sem lista nenhuma na frente, esse resultado tem muito valor para a gente. Seguimos visitando de norte a sul do Piau\u00ed, com o mesmo compromisso de sempre&#8221;, afirmou Dr. Thales Coelho.<\/p>\n\n\n\n<p class=\"wp-block-paragraph\">A pesquisa foi realizada entre os dias 20 e 23 de agosto de 2026 e ouviu 1.200 eleitores do Piau\u00ed com 16 anos ou mais, em entrevistas domiciliares e individuais. O levantamento possui n\u00edvel de confian\u00e7a de 95% e margem de erro de 2,83 pontos percentuais, para mais ou para menos.<\/p>\n\n\n\n<p class=\"wp-block-paragraph\">O estudo foi registrado no Tribunal Regional Eleitoral do Piau\u00ed sob o n\u00famero PI-01038\/2026, com divulga\u00e7\u00e3o em 31 de agosto de 2026.<\/p>\n\n\n\n<p class=\"wp-block-paragraph\">A amostra contemplou diferentes regi\u00f5es do estado, distribu\u00eddas entre os territ\u00f3rios de desenvolvimento. Foram realizadas entrevistas em munic\u00edpios das regi\u00f5es dos Cerrados, Litoral, Meio Norte e Semi\u00e1rido, incluindo cidades como Teresina, Parna\u00edba, Picos, Floriano, Campo Maior, Piripiri e Oeiras, entre outras, totalizando 1.200 entrevistas distribu\u00eddas em diferentes munic\u00edpios piauienses, conforme a metodologia apresentada pelo instituto.<\/p>\n\n\n<figure class=\"wp-block-post-featured-image\"><img loading=\"lazy\" decoding=\"async\" width=\"1280\" height=\"960\" src=\"https:\/\/portalv1.com.br\/app\/wp-content\/uploads\/2026\/09\/WhatsApp-Image-2026-08-30-at-19.02.48.jpeg\" class=\"attachment-post-thumbnail size-post-thumbnail wp-post-image\" alt=\"\" style=\"object-fit:cover;\" srcset=\"https:\/\/portalv1.com.br\/app\/wp-content\/uploads\/2026\/09\/WhatsApp-Image-2026-08-30-at-19.02.48.jpeg 1280w, https:\/\/portalv1.com.br\/app\/wp-content\/uploads\/2026\/09\/WhatsApp-Image-2026-08-30-at-19.02.48-300x225.jpeg 300w, https:\/\/portalv1.com.br\/app\/wp-content\/uploads\/2026\/09\/WhatsApp-Image-2026-08-30-at-19.02.48-640x480.jpeg 640w, https:\/\/portalv1.com.br\/app\/wp-content\/uploads\/2026\/09\/WhatsApp-Image-2026-08-30-at-19.02.48-768x576.jpeg 768w\" sizes=\"auto, (max-width: 1280px) 100vw, 1280px\" \/><\/figure>","protected":false},"excerpt":{"rendered":"<p>O deputado estadual Dr. Thales Coelho (PT), candidato \u00e0 reelei\u00e7\u00e3o, aparece entre os nomes mais lembrados pelos eleitores piauienses na disputa por uma vaga na Assembleia Legislativa do Piau\u00ed (Alepi),&#8230;<\/p>\n","protected":false},"author":1,"featured_media":271507,"comment_status":"open","ping_status":"open","sticky":false,"template":"","format":"standard","meta":{"ngg_post_thumbnail":0,"footnotes":""},"categories":[243],"tags":[],"class_list":["post-271506","post","type-post","status-publish","format-standard","has-post-thumbnail","hentry","category-geral"],"views":38,"meta_data":{"thumb":"https:\/\/portalv1.com.br\/app\/wp-content\/uploads\/2026\/09\/WhatsApp-Image-2026-08-30-at-19.02.48.jpeg","imagem":{"fullsize":{"url":"https:\/\/portalv1.com.br\/app\/wp-content\/uploads\/2026\/09\/WhatsApp-Image-2026-08-30-at-19.02.48.jpeg","width":1280,"height":960},"medium":{"url":"https:\/\/portalv1.com.br\/app\/wp-content\/uploads\/2026\/09\/WhatsApp-Image-2026-08-30-at-19.02.48-300x225.jpeg","width":300,"height":225},"large":{"url":"https:\/\/portalv1.com.br\/app\/wp-content\/uploads\/2026\/09\/WhatsApp-Image-2026-08-30-at-19.02.48-640x480.jpeg","width":640,"height":480},"thumbnail":{"url":"https:\/\/portalv1.com.br\/app\/wp-content\/uploads\/2026\/09\/WhatsApp-Image-2026-08-30-at-19.02.48-100x100.jpeg","width":100,"height":100},"medium_large":{"url":"https:\/\/portalv1.com.br\/app\/wp-content\/uploads\/2026\/09\/WhatsApp-Image-2026-08-30-at-19.02.48-768x576.jpeg","width":768,"height":576}},"data":{"simple":"01\/09\/2026","date_time":"01\/09\/2026 09:29:05","date":"h\u00e1 15 horas"},"chapeu":"Saiba mais","source":"foto_menor"},"_links":{"self":[{"href":"https:\/\/portalv1.com.br\/api\/wp\/v2\/posts\/271506","targetHints":{"allow":["GET"]}}],"collection":[{"href":"https:\/\/portalv1.com.br\/api\/wp\/v2\/posts"}],"about":[{"href":"https:\/\/portalv1.com.br\/api\/wp\/v2\/types\/post"}],"author":[{"embeddable":true,"href":"https:\/\/portalv1.com.br\/api\/wp\/v2\/users\/1"}],"replies":[{"embeddable":true,"href":"https:\/\/portalv1.com.br\/api\/wp\/v2\/comments?post=271506"}],"version-history":[{"count":0,"href":"https:\/\/portalv1.com.br\/api\/wp\/v2\/posts\/271506\/revisions"}],"wp:featuredmedia":[{"embeddable":true,"href":"https:\/\/portalv1.com.br\/api\/wp\/v2\/media\/271507"}],"wp:attachment":[{"href":"https:\/\/portalv1.com.br\/api\/wp\/v2\/media?parent=271506"}],"wp:term":[{"taxonomy":"category","embeddable":true,"href":"https:\/\/portalv1.com.br\/api\/wp\/v2\/categories?post=271506"},{"taxonomy":"post_tag","embeddable":true,"href":"https:\/\/portalv1.com.br\/api\/wp\/v2\/tags?post=271506"}],"curies":[{"name":"wp","href":"https:\/\/api.w.org\/{rel}","templated":true}]}}