{"id":271508,"date":"2026-09-01T12:30:32","date_gmt":"2026-09-01T15:30:32","guid":{"rendered":"https:\/\/portalv1.com.br\/?p=271508"},"modified":"2026-09-01T12:30:33","modified_gmt":"2026-09-01T15:30:33","slug":"ciro-nogueira-pai-dos-prefeitos-ganha-apelido-de-pai-das-grandes-obras-durante-evento-em-teresina","status":"publish","type":"post","link":"https:\/\/portalv1.com.br\/ciro-nogueira-pai-dos-prefeitos-ganha-apelido-de-pai-das-grandes-obras-durante-evento-em-teresina\/","title":{"rendered":"Ciro Nogueira, \u201cpai dos prefeitos\u201d, ganha apelido de \u201cpai das grandes obras\u201d durante evento em Teresina"},"content":{"rendered":"\n<p class=\"wp-block-paragraph\">O senador Ciro Nogueira, presidente nacional do Progressistas e candidato \u00e0 reelei\u00e7\u00e3o, vem cumprindo, desde o final de semana, uma agenda bastante intensa pelo Piau\u00ed. E nesta segunda-feira (31), Ciro concentrou alguns compromissos na capital, Teresina.<\/p>\n\n\n\n<p class=\"wp-block-paragraph\">Ao lado do candidato a governador, Joel Rodrigues, Ciro participou do evento \u201cMulheres Juntas com Ciro e Joel\u201d, realizado na sede do Progressistas. Na sequ\u00eancia, o senador participou de reuni\u00e3o organizada por Alan Brand\u00e3o, ao lado de Enzo Samuel, \u00c1tila Lira, Joel Rodrigues e outras lideran\u00e7as, na regi\u00e3o do Vale do Gavi\u00e3o.<\/p>\n\n\n\n<p class=\"wp-block-paragraph\">Ciro tamb\u00e9m esteve em uma reuni\u00e3o promovida pelo vereador Alu\u00edsio Sampaio, que tamb\u00e9m contou com a participa\u00e7\u00e3o do deputado \u00c1tila Lira, do deputado Gustavo Neiva, de Joel e o candidato a vice-governador Jeov\u00e1 Alencar, no bairro Dirceu, zona Sudeste de Teresina.<\/p>\n\n\n\n<p class=\"wp-block-paragraph\">E nesta agenda Ciro recebeu o carinho de moradores da regi\u00e3o, que agradeceram o senador por obras como a Ponte Anselmo Dias, que \u00e9 hoje um dos principais elos de liga\u00e7\u00e3o da zona Sudeste com as zonas Sul e Leste de Teresina, tendo encurtado o caminho de v\u00e1rios moradores desde sua inaugura\u00e7\u00e3o, h\u00e1 exatos dez anos.<\/p>\n\n\n\n<p class=\"wp-block-paragraph\">\u201cO senhor n\u00e3o \u00e9 s\u00f3 o pai dos prefeitos n\u00e3o, \u00e9 o pai das grandes obras aqui\u201d, brincou um morador ao receber Ciro durante o evento no Dirceu. \u201cEu agrade\u00e7o este carinho que recebo aqui no Grande Dirceu. \u00c9 hoje n\u00e3o s\u00f3 um bairro, suas adjac\u00eancias, mas se tornou maior at\u00e9 mesmo que muitas cidades. O Dirceu tem uma import\u00e2ncia inclusive econ\u00f4mica para a capital. E fico feliz de contribuir, com a Ponte Anselmo Dias, com obras de asfaltamento, pavimenta\u00e7\u00e3o e tantos outros benef\u00edcios\u201d, afirmou Ciro, abra\u00e7ado com carinho pelos presentes.<\/p>\n\n\n\n<p class=\"wp-block-paragraph\">Encerrando a agenda o senador participou de encontro promovido pelo deputado Evaldo Gomes e a vereadora Fernanda Gomes, no bairro S\u00e3o Joaquim, zona Norte da capital. Nos \u00faltimos dias, o senador tamb\u00e9m percorreu munic\u00edpios do interior e participou de reuni\u00f5es e eventos ao lado de aliados, incluindo o candidato a governador Joel Rodrigues.<\/p>\n\n\n<figure class=\"wp-block-post-featured-image\"><img loading=\"lazy\" decoding=\"async\" width=\"1600\" height=\"1066\" src=\"https:\/\/portalv1.com.br\/app\/wp-content\/uploads\/2026\/09\/WhatsApp-Image-2026-09-01-at-10.06.57.jpeg\" class=\"attachment-post-thumbnail size-post-thumbnail wp-post-image\" alt=\"\" style=\"object-fit:cover;\" srcset=\"https:\/\/portalv1.com.br\/app\/wp-content\/uploads\/2026\/09\/WhatsApp-Image-2026-09-01-at-10.06.57.jpeg 1600w, https:\/\/portalv1.com.br\/app\/wp-content\/uploads\/2026\/09\/WhatsApp-Image-2026-09-01-at-10.06.57-300x200.jpeg 300w, https:\/\/portalv1.com.br\/app\/wp-content\/uploads\/2026\/09\/WhatsApp-Image-2026-09-01-at-10.06.57-640x426.jpeg 640w, https:\/\/portalv1.com.br\/app\/wp-content\/uploads\/2026\/09\/WhatsApp-Image-2026-09-01-at-10.06.57-768x512.jpeg 768w, https:\/\/portalv1.com.br\/app\/wp-content\/uploads\/2026\/09\/WhatsApp-Image-2026-09-01-at-10.06.57-1536x1023.jpeg 1536w\" sizes=\"auto, (max-width: 1600px) 100vw, 1600px\" \/><\/figure>","protected":false},"excerpt":{"rendered":"<p>O senador Ciro Nogueira, presidente nacional do Progressistas e candidato \u00e0 reelei\u00e7\u00e3o, vem cumprindo, desde o final de semana, uma agenda bastante intensa pelo Piau\u00ed. E nesta segunda-feira (31), Ciro&#8230;<\/p>\n","protected":false},"author":1,"featured_media":271509,"comment_status":"open","ping_status":"open","sticky":false,"template":"","format":"standard","meta":{"ngg_post_thumbnail":0,"footnotes":""},"categories":[243],"tags":[],"class_list":["post-271508","post","type-post","status-publish","format-standard","has-post-thumbnail","hentry","category-geral"],"views":22,"meta_data":{"thumb":"https:\/\/portalv1.com.br\/app\/wp-content\/uploads\/2026\/09\/WhatsApp-Image-2026-09-01-at-10.06.57.jpeg","imagem":{"fullsize":{"url":"https:\/\/portalv1.com.br\/app\/wp-content\/uploads\/2026\/09\/WhatsApp-Image-2026-09-01-at-10.06.57.jpeg","width":1600,"height":1066},"medium":{"url":"https:\/\/portalv1.com.br\/app\/wp-content\/uploads\/2026\/09\/WhatsApp-Image-2026-09-01-at-10.06.57-300x200.jpeg","width":300,"height":200},"large":{"url":"https:\/\/portalv1.com.br\/app\/wp-content\/uploads\/2026\/09\/WhatsApp-Image-2026-09-01-at-10.06.57-640x426.jpeg","width":640,"height":426},"thumbnail":{"url":"https:\/\/portalv1.com.br\/app\/wp-content\/uploads\/2026\/09\/WhatsApp-Image-2026-09-01-at-10.06.57-100x100.jpeg","width":100,"height":100},"medium_large":{"url":"https:\/\/portalv1.com.br\/app\/wp-content\/uploads\/2026\/09\/WhatsApp-Image-2026-09-01-at-10.06.57-768x512.jpeg","width":768,"height":512},"1536x1536":{"url":"https:\/\/portalv1.com.br\/app\/wp-content\/uploads\/2026\/09\/WhatsApp-Image-2026-09-01-at-10.06.57-1536x1023.jpeg","width":1536,"height":1023}},"data":{"simple":"01\/09\/2026","date_time":"01\/09\/2026 09:30:32","date":"h\u00e1 14 horas"},"chapeu":"Saiba mais","source":"foto_menor"},"_links":{"self":[{"href":"https:\/\/portalv1.com.br\/api\/wp\/v2\/posts\/271508","targetHints":{"allow":["GET"]}}],"collection":[{"href":"https:\/\/portalv1.com.br\/api\/wp\/v2\/posts"}],"about":[{"href":"https:\/\/portalv1.com.br\/api\/wp\/v2\/types\/post"}],"author":[{"embeddable":true,"href":"https:\/\/portalv1.com.br\/api\/wp\/v2\/users\/1"}],"replies":[{"embeddable":true,"href":"https:\/\/portalv1.com.br\/api\/wp\/v2\/comments?post=271508"}],"version-history":[{"count":0,"href":"https:\/\/portalv1.com.br\/api\/wp\/v2\/posts\/271508\/revisions"}],"wp:featuredmedia":[{"embeddable":true,"href":"https:\/\/portalv1.com.br\/api\/wp\/v2\/media\/271509"}],"wp:attachment":[{"href":"https:\/\/portalv1.com.br\/api\/wp\/v2\/media?parent=271508"}],"wp:term":[{"taxonomy":"category","embeddable":true,"href":"https:\/\/portalv1.com.br\/api\/wp\/v2\/categories?post=271508"},{"taxonomy":"post_tag","embeddable":true,"href":"https:\/\/portalv1.com.br\/api\/wp\/v2\/tags?post=271508"}],"curies":[{"name":"wp","href":"https:\/\/api.w.org\/{rel}","templated":true}]}}