{"id":271510,"date":"2026-09-01T12:35:52","date_gmt":"2026-09-01T15:35:52","guid":{"rendered":"https:\/\/portalv1.com.br\/?p=271510"},"modified":"2026-09-01T12:36:06","modified_gmt":"2026-09-01T15:36:06","slug":"tropas-de-pernambuco-devem-reforcar-seguranca-das-eleicoes-no-piaui","status":"publish","type":"post","link":"https:\/\/portalv1.com.br\/tropas-de-pernambuco-devem-reforcar-seguranca-das-eleicoes-no-piaui\/","title":{"rendered":"Tropas de Pernambuco devem refor\u00e7ar seguran\u00e7a das elei\u00e7\u00f5es no Piau\u00ed"},"content":{"rendered":"\n<p class=\"wp-block-paragraph\">O presidente do Tribunal Regional Eleitoral do Piau\u00ed (TRE-PI), desembargador Jos\u00e9 Wilson Ferreira de Ara\u00fajo J\u00fanior, afirmou nesta segunda-feira (31) que tropas vindas principalmente de Pernambuco dever\u00e3o refor\u00e7ar a seguran\u00e7a das Elei\u00e7\u00f5es 2026 no Piau\u00ed. Segundo ele, os pedidos autorizados pelo Tribunal Superior Eleitoral (TSE) ser\u00e3o encaminhados ao comando militar em Recife para a defini\u00e7\u00e3o do efetivo.<\/p>\n\n\n\n<p class=\"wp-block-paragraph\">Jos\u00e9 Wilson informou que j\u00e1 manteve contato com o comando respons\u00e1vel pela opera\u00e7\u00e3o e recebeu a garantia de que ser\u00e1 disponibilizado ao Piau\u00ed o efetivo necess\u00e1rio para atender \u00e0s solicita\u00e7\u00f5es aprovadas pela Justi\u00e7a Eleitoral.<\/p>\n\n\n\n<p class=\"wp-block-paragraph\">&#8220;Tudo isso vai ser encaminhado para o comando em Recife. O comandante esteve conosco j\u00e1 h\u00e1 algum tempo e afirmou que tudo o que for necess\u00e1rio ser\u00e1 enviado para o Piau\u00ed, sobretudo tropas vindas de Pernambuco&#8221;, afirmou Jos\u00e9 Wilson.<\/p>\n\n\n\n<p class=\"wp-block-paragraph\">O presidente explicou que ainda existe uma zona eleitoral com solicita\u00e7\u00e3o de refor\u00e7o militar pendente de an\u00e1lise pelo TSE. O pedido chegou ao TRE-PI depois que a Corte j\u00e1 havia encaminhado ao Tribunal Superior Eleitoral o ac\u00f3rd\u00e3o com as primeiras zonas que solicitaram a presen\u00e7a das For\u00e7as Armadas.<\/p>\n\n\n\n<p class=\"wp-block-paragraph\">&#8220;Ainda tem uma zona eleitoral que, n\u00e3o por culpa nossa ou do TSE, mas porque o pr\u00f3prio juiz eleitoral demorou um pouco para fazer a solicita\u00e7\u00e3o e teve que fazer algumas avalia\u00e7\u00f5es. Isso chegou depois que n\u00f3s j\u00e1 t\u00ednhamos mandado o ac\u00f3rd\u00e3o do Plen\u00e1rio do TRE com as primeiras zonas eleitorais&#8221;, afirmou o presidente.<\/p>\n\n\n\n<p class=\"wp-block-paragraph\">Diante da nova solicita\u00e7\u00e3o, o TRE-PI comunicou a Diretoria-Geral do TSE sobre a exist\u00eancia do pedido pendente. Jos\u00e9 Wilson afirmou que a expectativa \u00e9 que seja adotado o mesmo procedimento realizado com as demais zonas eleitorais.<\/p>\n\n\n\n<p class=\"wp-block-paragraph\">&#8220;Entramos em contato com a Diretoria-Geral do TSE informando que existe essa zona eleitoral que ainda est\u00e1 pendente de aprecia\u00e7\u00e3o do refor\u00e7o militar. Mas o TSE far\u00e1 o mesmo encaminhamento&#8221;, afirmou Jos\u00e9 Wilson.<\/p>\n\n\n\n<p class=\"wp-block-paragraph\">O envio das tropas federais tem como objetivo refor\u00e7ar a seguran\u00e7a durante o processo eleitoral nos munic\u00edpios contemplados. A atua\u00e7\u00e3o ocorrer\u00e1 em apoio ao esquema de seguran\u00e7a organizado para o dia da vota\u00e7\u00e3o.<\/p>\n\n\n<figure class=\"wp-block-post-featured-image\"><img loading=\"lazy\" decoding=\"async\" width=\"1200\" height=\"798\" src=\"https:\/\/portalv1.com.br\/app\/wp-content\/uploads\/2026\/09\/01.jpg\" class=\"attachment-post-thumbnail size-post-thumbnail wp-post-image\" alt=\"\" style=\"object-fit:cover;\" srcset=\"https:\/\/portalv1.com.br\/app\/wp-content\/uploads\/2026\/09\/01.jpg 1200w, https:\/\/portalv1.com.br\/app\/wp-content\/uploads\/2026\/09\/01-300x200.jpg 300w, https:\/\/portalv1.com.br\/app\/wp-content\/uploads\/2026\/09\/01-640x426.jpg 640w, https:\/\/portalv1.com.br\/app\/wp-content\/uploads\/2026\/09\/01-768x511.jpg 768w\" sizes=\"auto, (max-width: 1200px) 100vw, 1200px\" \/><\/figure>\n\n\n<p class=\"wp-block-paragraph\">Fonte cidadeverde.com<\/p>\n","protected":false},"excerpt":{"rendered":"<p>O presidente do Tribunal Regional Eleitoral do Piau\u00ed (TRE-PI), desembargador Jos\u00e9 Wilson Ferreira de Ara\u00fajo J\u00fanior, afirmou nesta segunda-feira (31) que tropas vindas principalmente de Pernambuco dever\u00e3o refor\u00e7ar a seguran\u00e7a&#8230;<\/p>\n","protected":false},"author":1,"featured_media":271511,"comment_status":"open","ping_status":"open","sticky":false,"template":"","format":"standard","meta":{"ngg_post_thumbnail":0,"footnotes":""},"categories":[243],"tags":[],"class_list":["post-271510","post","type-post","status-publish","format-standard","has-post-thumbnail","hentry","category-geral"],"views":24,"meta_data":{"thumb":"https:\/\/portalv1.com.br\/app\/wp-content\/uploads\/2026\/09\/01.jpg","imagem":{"fullsize":{"url":"https:\/\/portalv1.com.br\/app\/wp-content\/uploads\/2026\/09\/01.jpg","width":1200,"height":798},"medium":{"url":"https:\/\/portalv1.com.br\/app\/wp-content\/uploads\/2026\/09\/01-300x200.jpg","width":300,"height":200},"large":{"url":"https:\/\/portalv1.com.br\/app\/wp-content\/uploads\/2026\/09\/01-640x426.jpg","width":640,"height":426},"thumbnail":{"url":"https:\/\/portalv1.com.br\/app\/wp-content\/uploads\/2026\/09\/01-100x100.jpg","width":100,"height":100},"medium_large":{"url":"https:\/\/portalv1.com.br\/app\/wp-content\/uploads\/2026\/09\/01-768x511.jpg","width":768,"height":511}},"data":{"simple":"01\/09\/2026","date_time":"01\/09\/2026 09:35:52","date":"h\u00e1 14 horas"},"chapeu":"Saiba mais","source":"slide"},"_links":{"self":[{"href":"https:\/\/portalv1.com.br\/api\/wp\/v2\/posts\/271510","targetHints":{"allow":["GET"]}}],"collection":[{"href":"https:\/\/portalv1.com.br\/api\/wp\/v2\/posts"}],"about":[{"href":"https:\/\/portalv1.com.br\/api\/wp\/v2\/types\/post"}],"author":[{"embeddable":true,"href":"https:\/\/portalv1.com.br\/api\/wp\/v2\/users\/1"}],"replies":[{"embeddable":true,"href":"https:\/\/portalv1.com.br\/api\/wp\/v2\/comments?post=271510"}],"version-history":[{"count":0,"href":"https:\/\/portalv1.com.br\/api\/wp\/v2\/posts\/271510\/revisions"}],"wp:featuredmedia":[{"embeddable":true,"href":"https:\/\/portalv1.com.br\/api\/wp\/v2\/media\/271511"}],"wp:attachment":[{"href":"https:\/\/portalv1.com.br\/api\/wp\/v2\/media?parent=271510"}],"wp:term":[{"taxonomy":"category","embeddable":true,"href":"https:\/\/portalv1.com.br\/api\/wp\/v2\/categories?post=271510"},{"taxonomy":"post_tag","embeddable":true,"href":"https:\/\/portalv1.com.br\/api\/wp\/v2\/tags?post=271510"}],"curies":[{"name":"wp","href":"https:\/\/api.w.org\/{rel}","templated":true}]}}