{"id":271520,"date":"2026-09-01T21:23:25","date_gmt":"2026-09-02T00:23:25","guid":{"rendered":"https:\/\/portalv1.com.br\/?p=271520"},"modified":"2026-09-01T21:23:25","modified_gmt":"2026-09-02T00:23:25","slug":"carlos-federal-se-reune-com-superintendente-do-dnocs-e-garante-acoes-de-combate-a-seca-em-valenca","status":"publish","type":"post","link":"https:\/\/portalv1.com.br\/carlos-federal-se-reune-com-superintendente-do-dnocs-e-garante-acoes-de-combate-a-seca-em-valenca\/","title":{"rendered":"Carlos Federal se re\u00fane com superintendente do DNOCS e garante a\u00e7\u00f5es de combate \u00e0 seca em Valen\u00e7a"},"content":{"rendered":"\n<p class=\"wp-block-paragraph\">O suplente de vereador, Carlos Federal, esteve na manh\u00e3 desta segunda-feira (31) no Departamento Nacional de Obras Contra as Secas (DNOCS), onde participou de uma audi\u00eancia com o superintendente do \u00f3rg\u00e3o nos estados do Piau\u00ed e Maranh\u00e3o, Alyson Pego.<\/p>\n\n\n\n<p class=\"wp-block-paragraph\">Durante o encontro, Carlos Federal apresentou demandas relacionadas ao per\u00edodo de estiagem enfrentado pelo munic\u00edpio de Valen\u00e7a do Piau\u00ed e buscou alternativas para amenizar os impactos da seca, principalmente para as comunidades rurais e agricultores familiares.<\/p>\n\n\n\n<p class=\"wp-block-paragraph\">Como resultado da reuni\u00e3o, foram anunciadas a\u00e7\u00f5es para refor\u00e7ar o acesso \u00e0 \u00e1gua e apoiar a produ\u00e7\u00e3o agr\u00edcola no munic\u00edpio. Entre as medidas est\u00e3o a perfura\u00e7\u00e3o de dois po\u00e7os tubulares, a implanta\u00e7\u00e3o de oito cisternas e a entrega de 20 kits de irriga\u00e7\u00e3o destinados a agricultores familiares de Valen\u00e7a do Piau\u00ed.<\/p>\n\n\n\n<p class=\"wp-block-paragraph\">Para Carlos Federal, a audi\u00eancia representa um avan\u00e7o na busca por solu\u00e7\u00f5es concretas para enfrentar os efeitos da estiagem e garantir melhores condi\u00e7\u00f5es para as fam\u00edlias que dependem diretamente da \u00e1gua e da agricultura.<\/p>\n\n\n<figure class=\"wp-block-post-featured-image\"><img loading=\"lazy\" decoding=\"async\" width=\"1195\" height=\"713\" src=\"https:\/\/portalv1.com.br\/app\/wp-content\/uploads\/2026\/09\/WhatsApp-Image-2026-09-01-at-08.57.27-1.jpeg\" class=\"attachment-post-thumbnail size-post-thumbnail wp-post-image\" alt=\"\" style=\"object-fit:cover;\" srcset=\"https:\/\/portalv1.com.br\/app\/wp-content\/uploads\/2026\/09\/WhatsApp-Image-2026-09-01-at-08.57.27-1.jpeg 1195w, https:\/\/portalv1.com.br\/app\/wp-content\/uploads\/2026\/09\/WhatsApp-Image-2026-09-01-at-08.57.27-1-300x179.jpeg 300w, https:\/\/portalv1.com.br\/app\/wp-content\/uploads\/2026\/09\/WhatsApp-Image-2026-09-01-at-08.57.27-1-640x382.jpeg 640w, https:\/\/portalv1.com.br\/app\/wp-content\/uploads\/2026\/09\/WhatsApp-Image-2026-09-01-at-08.57.27-1-768x458.jpeg 768w\" sizes=\"auto, (max-width: 1195px) 100vw, 1195px\" \/><\/figure>","protected":false},"excerpt":{"rendered":"<p>O suplente de vereador, Carlos Federal, esteve na manh\u00e3 desta segunda-feira (31) no Departamento Nacional de Obras Contra as Secas (DNOCS), onde participou de uma audi\u00eancia com o superintendente do&#8230;<\/p>\n","protected":false},"author":1,"featured_media":271521,"comment_status":"open","ping_status":"open","sticky":false,"template":"","format":"standard","meta":{"ngg_post_thumbnail":0,"footnotes":""},"categories":[243],"tags":[],"class_list":["post-271520","post","type-post","status-publish","format-standard","has-post-thumbnail","hentry","category-geral"],"views":48,"meta_data":{"thumb":"https:\/\/portalv1.com.br\/app\/wp-content\/uploads\/2026\/09\/WhatsApp-Image-2026-09-01-at-08.57.27-1.jpeg","imagem":{"fullsize":{"url":"https:\/\/portalv1.com.br\/app\/wp-content\/uploads\/2026\/09\/WhatsApp-Image-2026-09-01-at-08.57.27-1.jpeg","width":1195,"height":713},"medium":{"url":"https:\/\/portalv1.com.br\/app\/wp-content\/uploads\/2026\/09\/WhatsApp-Image-2026-09-01-at-08.57.27-1-300x179.jpeg","width":300,"height":179},"large":{"url":"https:\/\/portalv1.com.br\/app\/wp-content\/uploads\/2026\/09\/WhatsApp-Image-2026-09-01-at-08.57.27-1-640x382.jpeg","width":640,"height":382},"thumbnail":{"url":"https:\/\/portalv1.com.br\/app\/wp-content\/uploads\/2026\/09\/WhatsApp-Image-2026-09-01-at-08.57.27-1-100x100.jpeg","width":100,"height":100},"medium_large":{"url":"https:\/\/portalv1.com.br\/app\/wp-content\/uploads\/2026\/09\/WhatsApp-Image-2026-09-01-at-08.57.27-1-768x458.jpeg","width":768,"height":458}},"data":{"simple":"01\/09\/2026","date_time":"01\/09\/2026 18:23:25","date":"h\u00e1 5 horas"},"chapeu":"Saiba mais","source":"slide"},"_links":{"self":[{"href":"https:\/\/portalv1.com.br\/api\/wp\/v2\/posts\/271520","targetHints":{"allow":["GET"]}}],"collection":[{"href":"https:\/\/portalv1.com.br\/api\/wp\/v2\/posts"}],"about":[{"href":"https:\/\/portalv1.com.br\/api\/wp\/v2\/types\/post"}],"author":[{"embeddable":true,"href":"https:\/\/portalv1.com.br\/api\/wp\/v2\/users\/1"}],"replies":[{"embeddable":true,"href":"https:\/\/portalv1.com.br\/api\/wp\/v2\/comments?post=271520"}],"version-history":[{"count":0,"href":"https:\/\/portalv1.com.br\/api\/wp\/v2\/posts\/271520\/revisions"}],"wp:featuredmedia":[{"embeddable":true,"href":"https:\/\/portalv1.com.br\/api\/wp\/v2\/media\/271521"}],"wp:attachment":[{"href":"https:\/\/portalv1.com.br\/api\/wp\/v2\/media?parent=271520"}],"wp:term":[{"taxonomy":"category","embeddable":true,"href":"https:\/\/portalv1.com.br\/api\/wp\/v2\/categories?post=271520"},{"taxonomy":"post_tag","embeddable":true,"href":"https:\/\/portalv1.com.br\/api\/wp\/v2\/tags?post=271520"}],"curies":[{"name":"wp","href":"https:\/\/api.w.org\/{rel}","templated":true}]}}