{"id":271534,"date":"2026-09-02T22:18:21","date_gmt":"2026-09-03T01:18:21","guid":{"rendered":"https:\/\/portalv1.com.br\/?p=271534"},"modified":"2026-09-02T22:18:21","modified_gmt":"2026-09-03T01:18:21","slug":"ciro-nogueira-faz-homenagem-no-senado-pelos-90-anos-de-atuacao-da-assembleia-de-deus-no-piaui","status":"publish","type":"post","link":"https:\/\/portalv1.com.br\/ciro-nogueira-faz-homenagem-no-senado-pelos-90-anos-de-atuacao-da-assembleia-de-deus-no-piaui\/","title":{"rendered":"Ciro Nogueira faz homenagem no Senado pelos 90 anos de atua\u00e7\u00e3o da Assembleia de Deus no Piau\u00ed"},"content":{"rendered":"\n<p class=\"wp-block-paragraph\">Por iniciativa do senador Ciro Nogueira, presidente nacional do Progressistas, o Senado Federal realizou, nesta quarta-feira (02), uma sess\u00e3o especial pelos 90 anos de atua\u00e7\u00e3o da Assembleia de Deus no Piau\u00ed.<\/p>\n\n\n\n<p class=\"wp-block-paragraph\">A proposta de Ciro da sess\u00e3o de homenagem foi aprovada por unanimidade pelos senadores, que reconhecem a import\u00e2ncia hist\u00f3rica, religiosa e social da institui\u00e7\u00e3o para gera\u00e7\u00f5es de piauienses.<\/p>\n\n\n\n<p class=\"wp-block-paragraph\">\u201cA proposta de Ciro da sess\u00e3o de homenagem foi aprovada por unanimidade pelos senadores, que reconhecem a import\u00e2ncia hist\u00f3rica, religiosa e social da institui\u00e7\u00e3o para gera\u00e7\u00f5es de piauienses&#8221;, afirmou Ciro durante a sess\u00e3o, prestigiando fieis, pastores e pessoas envolvidas com a igreja.<\/p>\n\n\n\n<figure class=\"wp-block-image size-large\"><img loading=\"lazy\" decoding=\"async\" width=\"640\" height=\"427\" src=\"https:\/\/portalv1.com.br\/app\/wp-content\/uploads\/2026\/09\/WhatsApp-Image-2026-09-02-at-18.01.31-1-640x427.jpeg\" alt=\"\" class=\"wp-image-271535\" srcset=\"https:\/\/portalv1.com.br\/app\/wp-content\/uploads\/2026\/09\/WhatsApp-Image-2026-09-02-at-18.01.31-1-640x427.jpeg 640w, https:\/\/portalv1.com.br\/app\/wp-content\/uploads\/2026\/09\/WhatsApp-Image-2026-09-02-at-18.01.31-1-300x200.jpeg 300w, https:\/\/portalv1.com.br\/app\/wp-content\/uploads\/2026\/09\/WhatsApp-Image-2026-09-02-at-18.01.31-1-768x512.jpeg 768w, https:\/\/portalv1.com.br\/app\/wp-content\/uploads\/2026\/09\/WhatsApp-Image-2026-09-02-at-18.01.31-1.jpeg 1280w\" sizes=\"auto, (max-width: 640px) 100vw, 640px\" \/><\/figure>\n\n\n\n<p class=\"wp-block-paragraph\">Ao discursar na sess\u00e3o, Ciro destacou que a dimens\u00e3o da Assembleia de Deus no Piau\u00ed n\u00e3o pode ser medida apenas pelos n\u00fameros alcan\u00e7ados ao longo de nove d\u00e9cadas. Segundo ele, s\u00e3o pessoas movidas pela f\u00e9 e pela convic\u00e7\u00e3o de que aquela pequena comunidade tinha uma miss\u00e3o a cumprir. Eles n\u00e3o poderiam imaginar que, nove d\u00e9cadas depois, aquela pequena reuni\u00e3o estaria na origem de uma presen\u00e7a que alcan\u00e7aria todo o Estado do Piau\u00ed\u201d.<\/p>\n\n\n\n<p class=\"wp-block-paragraph\">O presidente da Conven\u00e7\u00e3o Estadual das Assembleias de Deus do Piau\u00ed (CEADEP), pastor Besaleel Ferreira de Assun\u00e7\u00e3o, tamb\u00e9m destacou em seu discurso a import\u00e2ncia da atua\u00e7\u00e3o das assembl\u00e9ias no estado. \u201cO que Deus tem feito, atrav\u00e9s da Assembleia de Deus, \u00e9 beneficiar as nossas comunidades, atrav\u00e9s de assist\u00eancia social, de trazer a alegria\u201d, afirmou.<\/p>\n\n\n\n<p class=\"wp-block-paragraph\">Para o pastor, a trajet\u00f3ria da Assembleia de Deus tamb\u00e9m \u00e9 marcada pela comunh\u00e3o, pela unidade e pela paz, valores que, ao longo das d\u00e9cadas, ajudaram a consolidar a presen\u00e7a da igreja na sociedade piauiense.<\/p>\n\n\n\n<p class=\"wp-block-paragraph\">O senador lembrou nomes que ajudaram a construir a trajet\u00f3ria da igreja no Estado, entre eles Jos\u00e9 Bezerra Cavalcante, Alfredo Carneiro e os 28 pioneiros que participaram da organiza\u00e7\u00e3o inicial da Assembleia de Deus. Tamb\u00e9m fez uma refer\u00eancia pessoal ao pastor Nestor Mesquita, lideran\u00e7a hist\u00f3rica da Assembleia de Deus no Piau\u00ed e no Brasil, que teve influ\u00eancia em sua trajet\u00f3ria. O senador destacou ainda o atual presidente da CEADEP, pastor Besaleel, a quem atribuiu papel importante na continuidade desse trabalho.<\/p>\n\n\n<figure class=\"wp-block-post-featured-image\"><img loading=\"lazy\" decoding=\"async\" width=\"1280\" height=\"854\" src=\"https:\/\/portalv1.com.br\/app\/wp-content\/uploads\/2026\/09\/WhatsApp-Image-2026-09-02-at-18.01.31.jpeg\" class=\"attachment-post-thumbnail size-post-thumbnail wp-post-image\" alt=\"\" style=\"object-fit:cover;\" srcset=\"https:\/\/portalv1.com.br\/app\/wp-content\/uploads\/2026\/09\/WhatsApp-Image-2026-09-02-at-18.01.31.jpeg 1280w, https:\/\/portalv1.com.br\/app\/wp-content\/uploads\/2026\/09\/WhatsApp-Image-2026-09-02-at-18.01.31-300x200.jpeg 300w, https:\/\/portalv1.com.br\/app\/wp-content\/uploads\/2026\/09\/WhatsApp-Image-2026-09-02-at-18.01.31-640x427.jpeg 640w, https:\/\/portalv1.com.br\/app\/wp-content\/uploads\/2026\/09\/WhatsApp-Image-2026-09-02-at-18.01.31-768x512.jpeg 768w\" sizes=\"auto, (max-width: 1280px) 100vw, 1280px\" \/><\/figure>","protected":false},"excerpt":{"rendered":"<p>Por iniciativa do senador Ciro Nogueira, presidente nacional do Progressistas, o Senado Federal realizou, nesta quarta-feira (02), uma sess\u00e3o especial pelos 90 anos de atua\u00e7\u00e3o da Assembleia de Deus no&#8230;<\/p>\n","protected":false},"author":1,"featured_media":271536,"comment_status":"open","ping_status":"open","sticky":false,"template":"","format":"standard","meta":{"ngg_post_thumbnail":0,"footnotes":""},"categories":[243],"tags":[],"class_list":["post-271534","post","type-post","status-publish","format-standard","has-post-thumbnail","hentry","category-geral"],"views":7,"meta_data":{"thumb":"https:\/\/portalv1.com.br\/app\/wp-content\/uploads\/2026\/09\/WhatsApp-Image-2026-09-02-at-18.01.31.jpeg","imagem":{"fullsize":{"url":"https:\/\/portalv1.com.br\/app\/wp-content\/uploads\/2026\/09\/WhatsApp-Image-2026-09-02-at-18.01.31.jpeg","width":1280,"height":854},"medium":{"url":"https:\/\/portalv1.com.br\/app\/wp-content\/uploads\/2026\/09\/WhatsApp-Image-2026-09-02-at-18.01.31-300x200.jpeg","width":300,"height":200},"large":{"url":"https:\/\/portalv1.com.br\/app\/wp-content\/uploads\/2026\/09\/WhatsApp-Image-2026-09-02-at-18.01.31-640x427.jpeg","width":640,"height":427},"thumbnail":{"url":"https:\/\/portalv1.com.br\/app\/wp-content\/uploads\/2026\/09\/WhatsApp-Image-2026-09-02-at-18.01.31-100x100.jpeg","width":100,"height":100},"medium_large":{"url":"https:\/\/portalv1.com.br\/app\/wp-content\/uploads\/2026\/09\/WhatsApp-Image-2026-09-02-at-18.01.31-768x512.jpeg","width":768,"height":512}},"data":{"simple":"02\/09\/2026","date_time":"02\/09\/2026 19:18:21","date":"h\u00e1 3 horas"},"chapeu":"Saiba mais","source":"slide"},"_links":{"self":[{"href":"https:\/\/portalv1.com.br\/api\/wp\/v2\/posts\/271534","targetHints":{"allow":["GET"]}}],"collection":[{"href":"https:\/\/portalv1.com.br\/api\/wp\/v2\/posts"}],"about":[{"href":"https:\/\/portalv1.com.br\/api\/wp\/v2\/types\/post"}],"author":[{"embeddable":true,"href":"https:\/\/portalv1.com.br\/api\/wp\/v2\/users\/1"}],"replies":[{"embeddable":true,"href":"https:\/\/portalv1.com.br\/api\/wp\/v2\/comments?post=271534"}],"version-history":[{"count":0,"href":"https:\/\/portalv1.com.br\/api\/wp\/v2\/posts\/271534\/revisions"}],"wp:featuredmedia":[{"embeddable":true,"href":"https:\/\/portalv1.com.br\/api\/wp\/v2\/media\/271536"}],"wp:attachment":[{"href":"https:\/\/portalv1.com.br\/api\/wp\/v2\/media?parent=271534"}],"wp:term":[{"taxonomy":"category","embeddable":true,"href":"https:\/\/portalv1.com.br\/api\/wp\/v2\/categories?post=271534"},{"taxonomy":"post_tag","embeddable":true,"href":"https:\/\/portalv1.com.br\/api\/wp\/v2\/tags?post=271534"}],"curies":[{"name":"wp","href":"https:\/\/api.w.org\/{rel}","templated":true}]}}