{"id":271537,"date":"2026-09-02T22:27:49","date_gmt":"2026-09-03T01:27:49","guid":{"rendered":"https:\/\/portalv1.com.br\/?p=271537"},"modified":"2026-09-02T22:27:50","modified_gmt":"2026-09-03T01:27:50","slug":"disputa-eleitoral-no-piaui-tem-seis-renuncias-de-candidaturas","status":"publish","type":"post","link":"https:\/\/portalv1.com.br\/disputa-eleitoral-no-piaui-tem-seis-renuncias-de-candidaturas\/","title":{"rendered":"Disputa eleitoral no Piau\u00ed tem seis ren\u00fancias de candidaturas"},"content":{"rendered":"\n<p class=\"wp-block-paragraph\">Seis candidatos j\u00e1 renunciaram \u00e0s candidaturas nas Elei\u00e7\u00f5es 2026 no Piau\u00ed. As desist\u00eancias atingem candidatos a deputado federal, deputado estadual e suplente de senador, conforme dados da Justi\u00e7a Eleitoral. Ao todo, foram apresentados 398 pedidos de registro de candidatura no Piau\u00ed. Desse total, 271 j\u00e1 foram julgados pela Justi\u00e7a Eleitoral, o equivalente a 68,09%. Outros 127 pedidos, que representam 31,91%, permanecem em tramita\u00e7\u00e3o.<\/p>\n\n\n\n<p class=\"wp-block-paragraph\">Entre os candidatos a deputado federal, renunciaram Jair Sampaio da Silva, o Jair Sampaio, do DC, e Danielle dos Santos Araujo, a Dra. Danielle Pessoa, do Podemos.<\/p>\n\n\n\n<p class=\"wp-block-paragraph\">Para deputado estadual, as ren\u00fancias s\u00e3o de Gabriel Felipe da Silva Costa, o Gabriel Costa, do Progressistas, e Leida Maria de Oliveira Diniz, a Leida Diniz, do PT.<\/p>\n\n\n\n<p class=\"wp-block-paragraph\">Tamb\u00e9m deixaram a disputa dois candidatos a suplente de senador. Glaydston Michel Saldanha Moura Lira, o Michel Saldanha, do Avante, havia solicitado registro como primeiro suplente. Carlos Augusto Teixeira Nunes, o Carlos Augusto, do PL, concorreria como segundo suplente.<\/p>\n\n\n\n<p class=\"wp-block-paragraph\"><strong>Registros para governador<\/strong><\/p>\n\n\n\n<p class=\"wp-block-paragraph\">Entre os candidatos ao Governo do Piau\u00ed, cinco j\u00e1 tiveram os registros deferidos pela Justi\u00e7a Eleitoral. S\u00e3o eles Ravenna da Inclus\u00e3o (Democrata), Dra. L\u00facia Santos (PSDB), Professor Gisvaldo (PSOL), Rafael Fonteles (PT) e Santiago Beliz\u00e1rio (UP).<\/p>\n\n\n\n<p class=\"wp-block-paragraph\">O deferimento indica que o pedido de registro foi analisado e considerado regular pela Justi\u00e7a Eleitoral. Os pedidos dos demais candidatos ao governo ainda aguardam julgamento. O primeiro turno das Elei\u00e7\u00f5es 2026 est\u00e1 marcado para 4 de outubro.<\/p>\n\n\n\n<p class=\"wp-block-paragraph\"><strong>Prazo para julgamento termina em 15 de setembro<\/strong><\/p>\n\n\n\n<p class=\"wp-block-paragraph\">A Justi\u00e7a Eleitoral tem at\u00e9 15 de setembro para julgar os pedidos de registro de candidatura, inclusive os que tenham sido impugnados e os respectivos recursos. O prazo integra o calend\u00e1rio das Elei\u00e7\u00f5es 2026 e antecede o primeiro turno, marcado para 4 de outubro.<\/p>\n\n\n<figure class=\"wp-block-post-featured-image\"><img loading=\"lazy\" decoding=\"async\" width=\"758\" height=\"409\" src=\"https:\/\/portalv1.com.br\/app\/wp-content\/uploads\/2024\/08\/eleicoes.jpeg\" class=\"attachment-post-thumbnail size-post-thumbnail wp-post-image\" alt=\"\" style=\"object-fit:cover;\" srcset=\"https:\/\/portalv1.com.br\/app\/wp-content\/uploads\/2024\/08\/eleicoes.jpeg 758w, https:\/\/portalv1.com.br\/app\/wp-content\/uploads\/2024\/08\/eleicoes-300x162.jpeg 300w, https:\/\/portalv1.com.br\/app\/wp-content\/uploads\/2024\/08\/eleicoes-640x345.jpeg 640w\" sizes=\"auto, (max-width: 758px) 100vw, 758px\" \/><\/figure>","protected":false},"excerpt":{"rendered":"<p>Seis candidatos j\u00e1 renunciaram \u00e0s candidaturas nas Elei\u00e7\u00f5es 2026 no Piau\u00ed. As desist\u00eancias atingem candidatos a deputado federal, deputado estadual e suplente de senador, conforme dados da Justi\u00e7a Eleitoral. Ao&#8230;<\/p>\n","protected":false},"author":1,"featured_media":214289,"comment_status":"open","ping_status":"open","sticky":false,"template":"","format":"standard","meta":{"ngg_post_thumbnail":0,"footnotes":""},"categories":[243],"tags":[],"class_list":["post-271537","post","type-post","status-publish","format-standard","has-post-thumbnail","hentry","category-geral"],"views":9,"meta_data":{"thumb":"https:\/\/portalv1.com.br\/app\/wp-content\/uploads\/2024\/08\/eleicoes.jpeg","imagem":{"fullsize":{"url":"https:\/\/portalv1.com.br\/app\/wp-content\/uploads\/2024\/08\/eleicoes.jpeg","width":758,"height":409},"medium":{"url":"https:\/\/portalv1.com.br\/app\/wp-content\/uploads\/2024\/08\/eleicoes-300x162.jpeg","width":300,"height":162},"large":{"url":"https:\/\/portalv1.com.br\/app\/wp-content\/uploads\/2024\/08\/eleicoes-640x345.jpeg","width":640,"height":345},"thumbnail":{"url":"https:\/\/portalv1.com.br\/app\/wp-content\/uploads\/2024\/08\/eleicoes-100x100.jpeg","width":100,"height":100}},"data":{"simple":"02\/09\/2026","date_time":"02\/09\/2026 19:27:49","date":"h\u00e1 3 horas"},"chapeu":"Saiba mais","source":"slide"},"_links":{"self":[{"href":"https:\/\/portalv1.com.br\/api\/wp\/v2\/posts\/271537","targetHints":{"allow":["GET"]}}],"collection":[{"href":"https:\/\/portalv1.com.br\/api\/wp\/v2\/posts"}],"about":[{"href":"https:\/\/portalv1.com.br\/api\/wp\/v2\/types\/post"}],"author":[{"embeddable":true,"href":"https:\/\/portalv1.com.br\/api\/wp\/v2\/users\/1"}],"replies":[{"embeddable":true,"href":"https:\/\/portalv1.com.br\/api\/wp\/v2\/comments?post=271537"}],"version-history":[{"count":0,"href":"https:\/\/portalv1.com.br\/api\/wp\/v2\/posts\/271537\/revisions"}],"wp:featuredmedia":[{"embeddable":true,"href":"https:\/\/portalv1.com.br\/api\/wp\/v2\/media\/214289"}],"wp:attachment":[{"href":"https:\/\/portalv1.com.br\/api\/wp\/v2\/media?parent=271537"}],"wp:term":[{"taxonomy":"category","embeddable":true,"href":"https:\/\/portalv1.com.br\/api\/wp\/v2\/categories?post=271537"},{"taxonomy":"post_tag","embeddable":true,"href":"https:\/\/portalv1.com.br\/api\/wp\/v2\/tags?post=271537"}],"curies":[{"name":"wp","href":"https:\/\/api.w.org\/{rel}","templated":true}]}}