{"id":271538,"date":"2026-09-02T22:34:23","date_gmt":"2026-09-03T01:34:23","guid":{"rendered":"https:\/\/portalv1.com.br\/?p=271538"},"modified":"2026-09-02T22:34:23","modified_gmt":"2026-09-03T01:34:23","slug":"ator-e-diretor-gracindo-junior-morre-aos-83-anos","status":"publish","type":"post","link":"https:\/\/portalv1.com.br\/ator-e-diretor-gracindo-junior-morre-aos-83-anos\/","title":{"rendered":"Ator e diretor Gracindo J\u00fanior morre aos 83 anos"},"content":{"rendered":"\n<p class=\"wp-block-paragraph\">O ator e diretor Gracindo J\u00fanior morreu na noite desta ter\u00e7a-feira (1\u00b0) aos 83 anos em sua casa no Rio de Janeiro. A informa\u00e7\u00e3o foi confirmada pelo filho do artista, Pedro Gracindo. A causa da morte n\u00e3o foi divulgada.<\/p>\n\n\n\n<p class=\"wp-block-paragraph\">Gracindo J\u00fanior nasceu em 21 de maio de 1943 no Rio de Janeiro, filho do ator Paulo Gracindo (1911-1995), e teve uma trajet\u00f3ria de destaque no r\u00e1dio, teatro, televis\u00e3o e cinema. Sua carreira teve in\u00edcio aos 15 anos de idade, em 1959, quando come\u00e7ou a trabalhar na R\u00e1dio Nacional, onde seu pai j\u00e1 atuava como apresentador de programas de audit\u00f3rio e gal\u00e3 de radionovelas. Chegou a cursar Psicologia, mas optou por seguir no meio art\u00edstico.<\/p>\n\n\n\n<p class=\"wp-block-paragraph\">O ator integrou o primeiro elenco da TV Globo, quando a emissora foi fundada, em 1965. Participou de novelas como &#8220;Rosinha do Sobrado&#8221;, &#8220;A Rainha Louca&#8221;, &#8220;A Pr\u00f3xima Atra\u00e7\u00e3o&#8221;, &#8220;Rainha da Sucata&#8221; e &#8220;Explode Cora\u00e7\u00e3o&#8221;. Na emissora, tamb\u00e9m participou de produ\u00e7\u00f5es em que contracenou com seu pai, como &#8220;Os Ossos do Bar\u00e3o&#8221;, &#8220;O Bem Amado&#8221; e &#8220;O Casar\u00e3o&#8221;.<\/p>\n\n\n\n<p class=\"wp-block-paragraph\">Como diretor, esteve \u00e0 frente de novelas como &#8220;Mem\u00f3rias de Amor&#8221; e &#8220;Marron-Glac\u00e9&#8221;, al\u00e9m de trabalhar em programas como &#8220;Os Trapalh\u00f5es&#8221; e &#8220;Voc\u00ea Decide&#8221;. Gracindo tamb\u00e9m participou da cria\u00e7\u00e3o e apresenta\u00e7\u00e3o dos primeiros videoclipes de artistas brasileiros exibidos pelo &#8220;Fant\u00e1stico&#8221;.<\/p>\n\n\n\n<p class=\"wp-block-paragraph\">Al\u00e9m da TV Globo, teve passagens pela TV Manchete e TV Record. Nesta \u00faltima emissora, integrou grandes produ\u00e7\u00f5es contempor\u00e2neas e b\u00edblicas, como &#8220;Louca Paix\u00e3o&#8221;, &#8220;Cidad\u00e3o Brasileiro&#8221;, &#8220;Poder Paralelo&#8221;, &#8220;Ribeir\u00e3o do Tempo&#8221; e &#8220;Rei Davi&#8221;.<\/p>\n\n\n\n<p class=\"wp-block-paragraph\">Sua estreia no teatro ocorreu em 1961, na obra dram\u00e1tica &#8220;A Escada&#8221;, de Oswald de Andrade. Ao longo da carreira, dirigiu e produziu mais de 20 pe\u00e7as. Entre os espet\u00e1culos dirigidos por Gracindo J\u00fanior, est\u00e1 &#8220;Paulo Gracindo, Meu Pai&#8221;, que ele escreveu para homenagear os 50 anos de carreira de seu genitor.<\/p>\n\n\n\n<p class=\"wp-block-paragraph\">No cinema, o artista participou de produ\u00e7\u00f5es como &#8220;Os Trapalh\u00f5es na Serra Pelada&#8221;, &#8220;Floresta das Esmeraldas&#8221;, &#8220;Primo Bas\u00edlio&#8221; e &#8220;Seguran\u00e7a Nacional&#8221;.<\/p>\n\n\n\n<p class=\"wp-block-paragraph\">Gracindo J\u00fanior deixa a esposa, cinco filhos e sete netos. O funeral acontece nesta quinta-feira (3), no Cemit\u00e9rio e Cremat\u00f3rio da Penit\u00eancia, no bairro do Caju, no Rio de Janeiro. O vel\u00f3rio acontece \u00e0s 12h10 e a crema\u00e7\u00e3o, \u00e0s 14h10.<\/p>\n\n\n<figure class=\"wp-block-post-featured-image\"><img loading=\"lazy\" decoding=\"async\" width=\"790\" height=\"550\" src=\"https:\/\/portalv1.com.br\/app\/wp-content\/uploads\/2026\/09\/gracindo_junior.jpg\" class=\"attachment-post-thumbnail size-post-thumbnail wp-post-image\" alt=\"\" style=\"object-fit:cover;\" srcset=\"https:\/\/portalv1.com.br\/app\/wp-content\/uploads\/2026\/09\/gracindo_junior.jpg 790w, https:\/\/portalv1.com.br\/app\/wp-content\/uploads\/2026\/09\/gracindo_junior-300x209.jpg 300w, https:\/\/portalv1.com.br\/app\/wp-content\/uploads\/2026\/09\/gracindo_junior-640x446.jpg 640w, https:\/\/portalv1.com.br\/app\/wp-content\/uploads\/2026\/09\/gracindo_junior-768x535.jpg 768w\" sizes=\"auto, (max-width: 790px) 100vw, 790px\" \/><\/figure>","protected":false},"excerpt":{"rendered":"<p>O ator e diretor Gracindo J\u00fanior morreu na noite desta ter\u00e7a-feira (1\u00b0) aos 83 anos em sua casa no Rio de Janeiro. A informa\u00e7\u00e3o foi confirmada pelo filho do artista,&#8230;<\/p>\n","protected":false},"author":1,"featured_media":271539,"comment_status":"open","ping_status":"open","sticky":false,"template":"","format":"standard","meta":{"ngg_post_thumbnail":0,"footnotes":""},"categories":[243],"tags":[],"class_list":["post-271538","post","type-post","status-publish","format-standard","has-post-thumbnail","hentry","category-geral"],"views":9,"meta_data":{"thumb":"https:\/\/portalv1.com.br\/app\/wp-content\/uploads\/2026\/09\/gracindo_junior.jpg","imagem":{"fullsize":{"url":"https:\/\/portalv1.com.br\/app\/wp-content\/uploads\/2026\/09\/gracindo_junior.jpg","width":790,"height":550},"medium":{"url":"https:\/\/portalv1.com.br\/app\/wp-content\/uploads\/2026\/09\/gracindo_junior-300x209.jpg","width":300,"height":209},"large":{"url":"https:\/\/portalv1.com.br\/app\/wp-content\/uploads\/2026\/09\/gracindo_junior-640x446.jpg","width":640,"height":446},"thumbnail":{"url":"https:\/\/portalv1.com.br\/app\/wp-content\/uploads\/2026\/09\/gracindo_junior-100x100.jpg","width":100,"height":100},"medium_large":{"url":"https:\/\/portalv1.com.br\/app\/wp-content\/uploads\/2026\/09\/gracindo_junior-768x535.jpg","width":768,"height":535}},"data":{"simple":"02\/09\/2026","date_time":"02\/09\/2026 19:34:23","date":"h\u00e1 3 horas"},"chapeu":"Saiba mais","source":"foto_menor"},"_links":{"self":[{"href":"https:\/\/portalv1.com.br\/api\/wp\/v2\/posts\/271538","targetHints":{"allow":["GET"]}}],"collection":[{"href":"https:\/\/portalv1.com.br\/api\/wp\/v2\/posts"}],"about":[{"href":"https:\/\/portalv1.com.br\/api\/wp\/v2\/types\/post"}],"author":[{"embeddable":true,"href":"https:\/\/portalv1.com.br\/api\/wp\/v2\/users\/1"}],"replies":[{"embeddable":true,"href":"https:\/\/portalv1.com.br\/api\/wp\/v2\/comments?post=271538"}],"version-history":[{"count":0,"href":"https:\/\/portalv1.com.br\/api\/wp\/v2\/posts\/271538\/revisions"}],"wp:featuredmedia":[{"embeddable":true,"href":"https:\/\/portalv1.com.br\/api\/wp\/v2\/media\/271539"}],"wp:attachment":[{"href":"https:\/\/portalv1.com.br\/api\/wp\/v2\/media?parent=271538"}],"wp:term":[{"taxonomy":"category","embeddable":true,"href":"https:\/\/portalv1.com.br\/api\/wp\/v2\/categories?post=271538"},{"taxonomy":"post_tag","embeddable":true,"href":"https:\/\/portalv1.com.br\/api\/wp\/v2\/tags?post=271538"}],"curies":[{"name":"wp","href":"https:\/\/api.w.org\/{rel}","templated":true}]}}