{"id":271544,"date":"2026-09-03T09:43:54","date_gmt":"2026-09-03T12:43:54","guid":{"rendered":"https:\/\/portalv1.com.br\/?p=271544"},"modified":"2026-09-03T09:43:54","modified_gmt":"2026-09-03T12:43:54","slug":"tudo-pronto-para-a-36a-edicao-do-baile-toque-social-que-reune-sociedade-de-valenca-e-regiao-neste-sabado","status":"publish","type":"post","link":"https:\/\/portalv1.com.br\/tudo-pronto-para-a-36a-edicao-do-baile-toque-social-que-reune-sociedade-de-valenca-e-regiao-neste-sabado\/","title":{"rendered":"Tudo pronto para a 36\u00aa edi\u00e7\u00e3o do Baile Toque Social, que re\u00fane sociedade de Valen\u00e7a e regi\u00e3o neste s\u00e1bado"},"content":{"rendered":"\n<p class=\"wp-block-paragraph\">Est\u00e1 tudo pronto para a 36\u00aa edi\u00e7\u00e3o do Baile Toque Social, que acontece neste s\u00e1bado, 5 de setembro, no Crovap Clube de Valen\u00e7a do Piau\u00ed. A tradicional noite da sociedade valenciana come\u00e7a \u00e0s 22 horas e promete se estender at\u00e9 a manh\u00e3 seguinte, encerrando a programa\u00e7\u00e3o com um caf\u00e9 da manh\u00e3 especial para os participantes.<\/p>\n\n\n\n<p class=\"wp-block-paragraph\">Realizado pelo colunista social Lindomar Am\u00e2ncio, o Baile Toque Social chega \u00e0 sua 36\u00aa edi\u00e7\u00e3o consolidado como um dos tradicionais acontecimentos sociais de Valen\u00e7a e da regi\u00e3o valenciana. Para este ano, a expectativa \u00e9 de uma participa\u00e7\u00e3o ainda maior, com convidados vindos de diversos munic\u00edpios.<\/p>\n\n\n\n<p class=\"wp-block-paragraph\">Entre os nomes confirmados para prestigiar o evento est\u00e1 o coronel Sheivan Lopes, comandante estadual da Pol\u00edcia Militar do Piau\u00ed, al\u00e9m do prefeito de Valen\u00e7a, Marcelo Costa, vereadores, secret\u00e1rios municipais e diversas outras autoridades e personalidades.<\/p>\n\n\n\n<p class=\"wp-block-paragraph\">Tamb\u00e9m s\u00e3o esperadas importantes lideran\u00e7as sociais, religiosas e pol\u00edticas de Valen\u00e7a e de v\u00e1rios munic\u00edpios da regi\u00e3o valenciana, refor\u00e7ando o car\u00e1ter regional do evento e a sua import\u00e2ncia no calend\u00e1rio social.<\/p>\n\n\n\n<p class=\"wp-block-paragraph\">A programa\u00e7\u00e3o musical contar\u00e1 com Dandinha e Banda, Fernando Rocha, Santana de Manaus e Neto Lira, garantindo uma noite de muita m\u00fasica e confraterniza\u00e7\u00e3o.<\/p>\n\n\n\n<p class=\"wp-block-paragraph\"><strong>Expectativa para o grande encontro<\/strong><\/p>\n\n\n\n<p class=\"wp-block-paragraph\">Lindomar Am\u00e2ncio vive com grande expectativa a chegada do s\u00e1bado. Depois de meses de prepara\u00e7\u00e3o, organiza\u00e7\u00e3o e dedica\u00e7\u00e3o, o colunista afirma que est\u00e1 tudo pronto para receber os convidados e proporcionar uma noite especial \u00e0 sociedade.<\/p>\n\n\n\n<p class=\"wp-block-paragraph\">\u201cAgora est\u00e1 tudo pronto. S\u00f3 falta chegar o s\u00e1bado. A expectativa \u00e9 enorme para reencontrar os amigos, receber os convidados de Valen\u00e7a e de toda a regi\u00e3o e viver mais uma edi\u00e7\u00e3o dessa hist\u00f3ria que constru\u00edmos ao longo de 36 anos\u201d, destaca Lindomar.<\/p>\n\n\n\n<p class=\"wp-block-paragraph\">A expectativa \u00e9 de que, mais uma vez, todos os caminhos levem ao Crovap Clube. De Valen\u00e7a e dos munic\u00edpios vizinhos, passando por outras cidades do Piau\u00ed, convidados dever\u00e3o se encontrar em uma noite marcada pela eleg\u00e2ncia, pela amizade, pela m\u00fasica e pela celebra\u00e7\u00e3o.<\/p>\n\n\n\n<p class=\"wp-block-paragraph\">O Baile Toque Social chega, assim, \u00e0 sua 36\u00aa edi\u00e7\u00e3o mantendo viva uma tradi\u00e7\u00e3o que atravessa gera\u00e7\u00f5es e que faz parte da hist\u00f3ria social de Valen\u00e7a do Piau\u00ed.<\/p>\n\n\n<figure class=\"wp-block-post-featured-image\"><img loading=\"lazy\" decoding=\"async\" width=\"1280\" height=\"720\" src=\"https:\/\/portalv1.com.br\/app\/wp-content\/uploads\/2026\/09\/Apresentacao1-4.jpg\" class=\"attachment-post-thumbnail size-post-thumbnail wp-post-image\" alt=\"\" style=\"object-fit:cover;\" srcset=\"https:\/\/portalv1.com.br\/app\/wp-content\/uploads\/2026\/09\/Apresentacao1-4.jpg 1280w, https:\/\/portalv1.com.br\/app\/wp-content\/uploads\/2026\/09\/Apresentacao1-4-300x169.jpg 300w, https:\/\/portalv1.com.br\/app\/wp-content\/uploads\/2026\/09\/Apresentacao1-4-640x360.jpg 640w, https:\/\/portalv1.com.br\/app\/wp-content\/uploads\/2026\/09\/Apresentacao1-4-768x432.jpg 768w\" sizes=\"auto, (max-width: 1280px) 100vw, 1280px\" \/><\/figure>","protected":false},"excerpt":{"rendered":"<p>Est\u00e1 tudo pronto para a 36\u00aa edi\u00e7\u00e3o do Baile Toque Social, que acontece neste s\u00e1bado, 5 de setembro, no Crovap Clube de Valen\u00e7a do Piau\u00ed. A tradicional noite da sociedade&#8230;<\/p>\n","protected":false},"author":1,"featured_media":271545,"comment_status":"open","ping_status":"open","sticky":false,"template":"","format":"standard","meta":{"ngg_post_thumbnail":0,"footnotes":""},"categories":[243],"tags":[],"class_list":["post-271544","post","type-post","status-publish","format-standard","has-post-thumbnail","hentry","category-geral"],"views":169,"meta_data":{"thumb":"https:\/\/portalv1.com.br\/app\/wp-content\/uploads\/2026\/09\/Apresentacao1-4.jpg","imagem":{"fullsize":{"url":"https:\/\/portalv1.com.br\/app\/wp-content\/uploads\/2026\/09\/Apresentacao1-4.jpg","width":1280,"height":720},"medium":{"url":"https:\/\/portalv1.com.br\/app\/wp-content\/uploads\/2026\/09\/Apresentacao1-4-300x169.jpg","width":300,"height":169},"large":{"url":"https:\/\/portalv1.com.br\/app\/wp-content\/uploads\/2026\/09\/Apresentacao1-4-640x360.jpg","width":640,"height":360},"thumbnail":{"url":"https:\/\/portalv1.com.br\/app\/wp-content\/uploads\/2026\/09\/Apresentacao1-4-100x100.jpg","width":100,"height":100},"medium_large":{"url":"https:\/\/portalv1.com.br\/app\/wp-content\/uploads\/2026\/09\/Apresentacao1-4-768x432.jpg","width":768,"height":432}},"data":{"simple":"03\/09\/2026","date_time":"03\/09\/2026 06:43:54","date":"h\u00e1 2 dias"},"chapeu":"Saiba mais","source":"slide"},"_links":{"self":[{"href":"https:\/\/portalv1.com.br\/api\/wp\/v2\/posts\/271544","targetHints":{"allow":["GET"]}}],"collection":[{"href":"https:\/\/portalv1.com.br\/api\/wp\/v2\/posts"}],"about":[{"href":"https:\/\/portalv1.com.br\/api\/wp\/v2\/types\/post"}],"author":[{"embeddable":true,"href":"https:\/\/portalv1.com.br\/api\/wp\/v2\/users\/1"}],"replies":[{"embeddable":true,"href":"https:\/\/portalv1.com.br\/api\/wp\/v2\/comments?post=271544"}],"version-history":[{"count":0,"href":"https:\/\/portalv1.com.br\/api\/wp\/v2\/posts\/271544\/revisions"}],"wp:featuredmedia":[{"embeddable":true,"href":"https:\/\/portalv1.com.br\/api\/wp\/v2\/media\/271545"}],"wp:attachment":[{"href":"https:\/\/portalv1.com.br\/api\/wp\/v2\/media?parent=271544"}],"wp:term":[{"taxonomy":"category","embeddable":true,"href":"https:\/\/portalv1.com.br\/api\/wp\/v2\/categories?post=271544"},{"taxonomy":"post_tag","embeddable":true,"href":"https:\/\/portalv1.com.br\/api\/wp\/v2\/tags?post=271544"}],"curies":[{"name":"wp","href":"https:\/\/api.w.org\/{rel}","templated":true}]}}