{"id":271546,"date":"2026-09-03T10:03:56","date_gmt":"2026-09-03T13:03:56","guid":{"rendered":"https:\/\/portalv1.com.br\/?p=271546"},"modified":"2026-09-03T10:03:57","modified_gmt":"2026-09-03T13:03:57","slug":"em-debate-sobre-fim-da-escala-6x1-julio-cesar-defende-eleicao-de-senadores-alinhados-aos-trabalhadores","status":"publish","type":"post","link":"https:\/\/portalv1.com.br\/em-debate-sobre-fim-da-escala-6x1-julio-cesar-defende-eleicao-de-senadores-alinhados-aos-trabalhadores\/","title":{"rendered":"Em debate sobre fim da escala 6&#215;1, J\u00falio C\u00e9sar defende elei\u00e7\u00e3o de senadores alinhados aos trabalhadores"},"content":{"rendered":"\n<p class=\"wp-block-paragraph\">Em meio ao debate nacional sobre o fim da escala 6&#215;1, o candidato ao Senado J\u00falio C\u00e9sar (PSD) defendeu que o Piau\u00ed eleja representantes comprometidos com pautas ligadas aos trabalhadores. O deputado federal afirmou que sua posi\u00e7\u00e3o favor\u00e1vel \u00e0 mudan\u00e7a est\u00e1 relacionada \u00e0 defesa de melhores condi\u00e7\u00f5es de trabalho e de mais qualidade de vida.<\/p>\n\n\n\n<p class=\"wp-block-paragraph\">\u201cPara produzir e crescer, \u00e9 necess\u00e1rio garantir qualidade de vida aos trabalhadores. Defendi o fim da escala 6&#215;1 por entender que, al\u00e9m do trabalho, as pessoas precisam ter tempo para a fam\u00edlia, para o lazer e para decidir o que fazer com seu tempo livre\u201d, afirmou J\u00falio C\u00e9sar.<\/p>\n\n\n\n<p class=\"wp-block-paragraph\">O candidato tamb\u00e9m relacionou o debate \u00e0 disputa pelas duas vagas do Piau\u00ed no Senado. Segundo ele, a composi\u00e7\u00e3o da Casa ser\u00e1 decisiva para o avan\u00e7o de propostas de interesse dos trabalhadores e de outras pautas defendidas pelo governo do presidente Lula.<\/p>\n\n\n\n<p class=\"wp-block-paragraph\">O tema deve ganhar ainda mais espa\u00e7o no debate pol\u00edtico com a visita de Lula ao Piau\u00ed, prevista para o dia 9 de setembro. A expectativa \u00e9 de que a elei\u00e7\u00e3o para o Senado esteja entre os assuntos pol\u00edticos da passagem do presidente pelo estado, onde a chapa governista tem J\u00falio C\u00e9sar e Marcelo Castro como candidatos \u00e0s duas vagas.<\/p>\n\n\n\n<p class=\"wp-block-paragraph\">A discuss\u00e3o sobre a escala 6&#215;1 ganhou for\u00e7a no Congresso com propostas para reduzir a jornada semanal e ampliar o per\u00edodo de descanso dos trabalhadores. J\u00falio C\u00e9sar afirma que, caso eleito senador, pretende manter a defesa da mudan\u00e7a e de medidas voltadas \u00e0 qualidade de vida de quem trabalha.<\/p>\n\n\n<figure class=\"wp-block-post-featured-image\"><img loading=\"lazy\" decoding=\"async\" width=\"1600\" height=\"1236\" src=\"https:\/\/portalv1.com.br\/app\/wp-content\/uploads\/2026\/09\/WhatsApp-Image-2026-09-03-at-08.55.46.jpeg\" class=\"attachment-post-thumbnail size-post-thumbnail wp-post-image\" alt=\"\" style=\"object-fit:cover;\" srcset=\"https:\/\/portalv1.com.br\/app\/wp-content\/uploads\/2026\/09\/WhatsApp-Image-2026-09-03-at-08.55.46.jpeg 1600w, https:\/\/portalv1.com.br\/app\/wp-content\/uploads\/2026\/09\/WhatsApp-Image-2026-09-03-at-08.55.46-300x232.jpeg 300w, https:\/\/portalv1.com.br\/app\/wp-content\/uploads\/2026\/09\/WhatsApp-Image-2026-09-03-at-08.55.46-640x494.jpeg 640w, https:\/\/portalv1.com.br\/app\/wp-content\/uploads\/2026\/09\/WhatsApp-Image-2026-09-03-at-08.55.46-768x593.jpeg 768w, https:\/\/portalv1.com.br\/app\/wp-content\/uploads\/2026\/09\/WhatsApp-Image-2026-09-03-at-08.55.46-1536x1187.jpeg 1536w\" sizes=\"auto, (max-width: 1600px) 100vw, 1600px\" \/><\/figure>","protected":false},"excerpt":{"rendered":"<p>Em meio ao debate nacional sobre o fim da escala 6&#215;1, o candidato ao Senado J\u00falio C\u00e9sar (PSD) defendeu que o Piau\u00ed eleja representantes comprometidos com pautas ligadas aos trabalhadores&#8230;.<\/p>\n","protected":false},"author":1,"featured_media":271547,"comment_status":"open","ping_status":"open","sticky":false,"template":"","format":"standard","meta":{"ngg_post_thumbnail":0,"footnotes":""},"categories":[243],"tags":[],"class_list":["post-271546","post","type-post","status-publish","format-standard","has-post-thumbnail","hentry","category-geral"],"views":28,"meta_data":{"thumb":"https:\/\/portalv1.com.br\/app\/wp-content\/uploads\/2026\/09\/WhatsApp-Image-2026-09-03-at-08.55.46.jpeg","imagem":{"fullsize":{"url":"https:\/\/portalv1.com.br\/app\/wp-content\/uploads\/2026\/09\/WhatsApp-Image-2026-09-03-at-08.55.46.jpeg","width":1600,"height":1236},"medium":{"url":"https:\/\/portalv1.com.br\/app\/wp-content\/uploads\/2026\/09\/WhatsApp-Image-2026-09-03-at-08.55.46-300x232.jpeg","width":300,"height":232},"large":{"url":"https:\/\/portalv1.com.br\/app\/wp-content\/uploads\/2026\/09\/WhatsApp-Image-2026-09-03-at-08.55.46-640x494.jpeg","width":640,"height":494},"thumbnail":{"url":"https:\/\/portalv1.com.br\/app\/wp-content\/uploads\/2026\/09\/WhatsApp-Image-2026-09-03-at-08.55.46-100x100.jpeg","width":100,"height":100},"medium_large":{"url":"https:\/\/portalv1.com.br\/app\/wp-content\/uploads\/2026\/09\/WhatsApp-Image-2026-09-03-at-08.55.46-768x593.jpeg","width":768,"height":593},"1536x1536":{"url":"https:\/\/portalv1.com.br\/app\/wp-content\/uploads\/2026\/09\/WhatsApp-Image-2026-09-03-at-08.55.46-1536x1187.jpeg","width":1536,"height":1187}},"data":{"simple":"03\/09\/2026","date_time":"03\/09\/2026 07:03:56","date":"h\u00e1 2 dias"},"chapeu":"","source":"slide"},"_links":{"self":[{"href":"https:\/\/portalv1.com.br\/api\/wp\/v2\/posts\/271546","targetHints":{"allow":["GET"]}}],"collection":[{"href":"https:\/\/portalv1.com.br\/api\/wp\/v2\/posts"}],"about":[{"href":"https:\/\/portalv1.com.br\/api\/wp\/v2\/types\/post"}],"author":[{"embeddable":true,"href":"https:\/\/portalv1.com.br\/api\/wp\/v2\/users\/1"}],"replies":[{"embeddable":true,"href":"https:\/\/portalv1.com.br\/api\/wp\/v2\/comments?post=271546"}],"version-history":[{"count":0,"href":"https:\/\/portalv1.com.br\/api\/wp\/v2\/posts\/271546\/revisions"}],"wp:featuredmedia":[{"embeddable":true,"href":"https:\/\/portalv1.com.br\/api\/wp\/v2\/media\/271547"}],"wp:attachment":[{"href":"https:\/\/portalv1.com.br\/api\/wp\/v2\/media?parent=271546"}],"wp:term":[{"taxonomy":"category","embeddable":true,"href":"https:\/\/portalv1.com.br\/api\/wp\/v2\/categories?post=271546"},{"taxonomy":"post_tag","embeddable":true,"href":"https:\/\/portalv1.com.br\/api\/wp\/v2\/tags?post=271546"}],"curies":[{"name":"wp","href":"https:\/\/api.w.org\/{rel}","templated":true}]}}