{"id":271548,"date":"2026-09-03T13:21:43","date_gmt":"2026-09-03T16:21:43","guid":{"rendered":"https:\/\/portalv1.com.br\/?p=271548"},"modified":"2026-09-03T15:45:32","modified_gmt":"2026-09-03T18:45:32","slug":"policia-civil-prende-suspeito-em-valenca-durante-operacao-que-investiga-trafico-de-drogas","status":"publish","type":"post","link":"https:\/\/portalv1.com.br\/policia-civil-prende-suspeito-em-valenca-durante-operacao-que-investiga-trafico-de-drogas\/","title":{"rendered":"Pol\u00edcia Civil prende suspeito em Valen\u00e7a durante opera\u00e7\u00e3o que investiga tr\u00e1fico de drogas"},"content":{"rendered":"\n<p class=\"wp-block-paragraph\">A Pol\u00edcia Civil do Piau\u00ed cumpriu, na manh\u00e3 desta quinta-feira (3), um mandado de pris\u00e3o preventiva contra um suspeito investigado por envolvimento com o tr\u00e1fico de drogas. A pris\u00e3o ocorreu no munic\u00edpio de Valen\u00e7a do Piau\u00ed e faz parte de uma opera\u00e7\u00e3o coordenada pelo Departamento Estadual de Repress\u00e3o ao Narcotr\u00e1fico (Denarc), com a\u00e7\u00f5es tamb\u00e9m em Teresina.<\/p>\n\n\n\n<p class=\"wp-block-paragraph\">A informa\u00e7\u00e3o sobre a pris\u00e3o em Valen\u00e7a foi confirmada pelo delegado regional Dr. Maycon Braga, da Delegacia Seccional de Valen\u00e7a do Piau\u00ed.<\/p>\n\n\n\n<p class=\"wp-block-paragraph\">Segundo a Pol\u00edcia Civil, o mandado de pris\u00e3o preventiva foi expedido pela Vara de Delitos de Organiza\u00e7\u00f5es Criminosas e cumprido durante a opera\u00e7\u00e3o deflagrada nesta quinta-feira.<\/p>\n\n\n\n<p class=\"wp-block-paragraph\">A investiga\u00e7\u00e3o conduzida pelo Denarc apura o envolvimento de suspeitos em um esquema relacionado ao tr\u00e1fico de drogas e \u00e0 atua\u00e7\u00e3o de uma fac\u00e7\u00e3o criminosa. As apura\u00e7\u00f5es tiveram in\u00edcio h\u00e1 mais de um ano e identificaram uma liga\u00e7\u00e3o entre investigados que atuavam em Valen\u00e7a do Piau\u00ed e Teresina.<\/p>\n\n\n\n<p class=\"wp-block-paragraph\">De acordo com o Denarc, alguns dos investigados utilizavam a atividade de motorista por aplicativo como forma de camuflagem para facilitar o transporte de entorpecentes.<\/p>\n\n\n\n<p class=\"wp-block-paragraph\">Ao todo, foram cumpridos 16 mandados judiciais, sendo sete de pris\u00e3o e nove de busca e apreens\u00e3o. At\u00e9 o momento, quatro pessoas foram presas, sendo tr\u00eas em Teresina e uma em Valen\u00e7a do Piau\u00ed. Tamb\u00e9m foram apreendidas drogas e ve\u00edculos durante a a\u00e7\u00e3o.<\/p>\n\n\n\n<p class=\"wp-block-paragraph\"><strong>Pris\u00e3o em Valen\u00e7a<\/strong><\/p>\n\n\n\n<p class=\"wp-block-paragraph\">Conforme informou o delegado Maycon Braga, a pris\u00e3o realizada em Valen\u00e7a integra diretamente as investiga\u00e7\u00f5es conduzidas pelo Denarc.<\/p>\n\n\n\n<p class=\"wp-block-paragraph\">\u201cA a\u00e7\u00e3o faz parte de uma investiga\u00e7\u00e3o conduzida pelo Denarc, que apura o envolvimento de suspeitos em esquemas de tr\u00e1fico de drogas na regi\u00e3o. O preso foi encaminhado para os procedimentos cab\u00edveis e permanece \u00e0 disposi\u00e7\u00e3o da Justi\u00e7a\u201d, informou o delegado regional.<\/p>\n\n\n\n<p class=\"wp-block-paragraph\">A opera\u00e7\u00e3o contou com o apoio de equipes da Pol\u00edcia Civil e do Batalh\u00e3o de Rondas Ostensivas de Natureza Especial (BPRONE). As investiga\u00e7\u00f5es continuam para identificar outros poss\u00edveis envolvidos e esclarecer a participa\u00e7\u00e3o de cada suspeito no esquema investigado.<\/p>\n\n\n<figure class=\"wp-block-post-featured-image\"><img loading=\"lazy\" decoding=\"async\" width=\"1280\" height=\"720\" src=\"https:\/\/portalv1.com.br\/app\/wp-content\/uploads\/2026\/09\/Apresentacao1-5.jpg\" class=\"attachment-post-thumbnail size-post-thumbnail wp-post-image\" alt=\"\" style=\"object-fit:cover;\" srcset=\"https:\/\/portalv1.com.br\/app\/wp-content\/uploads\/2026\/09\/Apresentacao1-5.jpg 1280w, https:\/\/portalv1.com.br\/app\/wp-content\/uploads\/2026\/09\/Apresentacao1-5-300x169.jpg 300w, https:\/\/portalv1.com.br\/app\/wp-content\/uploads\/2026\/09\/Apresentacao1-5-640x360.jpg 640w, https:\/\/portalv1.com.br\/app\/wp-content\/uploads\/2026\/09\/Apresentacao1-5-768x432.jpg 768w\" sizes=\"auto, (max-width: 1280px) 100vw, 1280px\" \/><\/figure>","protected":false},"excerpt":{"rendered":"<p>A Pol\u00edcia Civil do Piau\u00ed cumpriu, na manh\u00e3 desta quinta-feira (3), um mandado de pris\u00e3o preventiva contra um suspeito investigado por envolvimento com o tr\u00e1fico de drogas. A pris\u00e3o ocorreu&#8230;<\/p>\n","protected":false},"author":1,"featured_media":271549,"comment_status":"open","ping_status":"open","sticky":false,"template":"","format":"standard","meta":{"ngg_post_thumbnail":0,"footnotes":""},"categories":[243],"tags":[],"class_list":["post-271548","post","type-post","status-publish","format-standard","has-post-thumbnail","hentry","category-geral"],"views":474,"meta_data":{"thumb":"https:\/\/portalv1.com.br\/app\/wp-content\/uploads\/2026\/09\/Apresentacao1-5.jpg","imagem":{"fullsize":{"url":"https:\/\/portalv1.com.br\/app\/wp-content\/uploads\/2026\/09\/Apresentacao1-5.jpg","width":1280,"height":720},"medium":{"url":"https:\/\/portalv1.com.br\/app\/wp-content\/uploads\/2026\/09\/Apresentacao1-5-300x169.jpg","width":300,"height":169},"large":{"url":"https:\/\/portalv1.com.br\/app\/wp-content\/uploads\/2026\/09\/Apresentacao1-5-640x360.jpg","width":640,"height":360},"thumbnail":{"url":"https:\/\/portalv1.com.br\/app\/wp-content\/uploads\/2026\/09\/Apresentacao1-5-100x100.jpg","width":100,"height":100},"medium_large":{"url":"https:\/\/portalv1.com.br\/app\/wp-content\/uploads\/2026\/09\/Apresentacao1-5-768x432.jpg","width":768,"height":432}},"data":{"simple":"03\/09\/2026","date_time":"03\/09\/2026 10:21:43","date":"h\u00e1 12 horas"},"chapeu":"Saiba mais","source":"slide"},"_links":{"self":[{"href":"https:\/\/portalv1.com.br\/api\/wp\/v2\/posts\/271548","targetHints":{"allow":["GET"]}}],"collection":[{"href":"https:\/\/portalv1.com.br\/api\/wp\/v2\/posts"}],"about":[{"href":"https:\/\/portalv1.com.br\/api\/wp\/v2\/types\/post"}],"author":[{"embeddable":true,"href":"https:\/\/portalv1.com.br\/api\/wp\/v2\/users\/1"}],"replies":[{"embeddable":true,"href":"https:\/\/portalv1.com.br\/api\/wp\/v2\/comments?post=271548"}],"version-history":[{"count":0,"href":"https:\/\/portalv1.com.br\/api\/wp\/v2\/posts\/271548\/revisions"}],"wp:featuredmedia":[{"embeddable":true,"href":"https:\/\/portalv1.com.br\/api\/wp\/v2\/media\/271549"}],"wp:attachment":[{"href":"https:\/\/portalv1.com.br\/api\/wp\/v2\/media?parent=271548"}],"wp:term":[{"taxonomy":"category","embeddable":true,"href":"https:\/\/portalv1.com.br\/api\/wp\/v2\/categories?post=271548"},{"taxonomy":"post_tag","embeddable":true,"href":"https:\/\/portalv1.com.br\/api\/wp\/v2\/tags?post=271548"}],"curies":[{"name":"wp","href":"https:\/\/api.w.org\/{rel}","templated":true}]}}