{"id":271566,"date":"2026-09-03T15:45:13","date_gmt":"2026-09-03T18:45:13","guid":{"rendered":"https:\/\/portalv1.com.br\/?p=271566"},"modified":"2026-09-03T15:49:03","modified_gmt":"2026-09-03T18:49:03","slug":"corpo-de-bombeiros-e-instalado-em-valenca-e-reforca-seguranca-no-vale-do-sambito","status":"publish","type":"post","link":"https:\/\/portalv1.com.br\/corpo-de-bombeiros-e-instalado-em-valenca-e-reforca-seguranca-no-vale-do-sambito\/","title":{"rendered":"Corpo de Bombeiros \u00e9 instalado em Valen\u00e7a e refor\u00e7a seguran\u00e7a no Vale do Sambito"},"content":{"rendered":"\n<p class=\"wp-block-paragraph\">Valen\u00e7a do Piau\u00ed viveu, nesta quinta-feira (3), um momento hist\u00f3rico para a seguran\u00e7a p\u00fablica e a preven\u00e7\u00e3o de acidentes. Foi realizada a solenidade de instala\u00e7\u00e3o do 2\u00ba Subgrupamento do 7\u00ba Grupamento de Bombeiros Militar do Piau\u00ed (2\u00ba SGBM\/7\u00ba GBM), unidade que passa a refor\u00e7ar o atendimento de ocorr\u00eancias e as a\u00e7\u00f5es preventivas no munic\u00edpio e no Vale do Sambito.<\/p>\n\n\n\n<p class=\"wp-block-paragraph\">A nova unidade contar\u00e1 com efetivo de bombeiros militares, incluindo profissionais veteranos e novos integrantes, al\u00e9m de viaturas e equipamentos destinados ao combate a inc\u00eandios urbanos e florestais, resgates, salvamentos e atendimento a acidentes automobil\u00edsticos.<\/p>\n\n\n\n<p class=\"wp-block-paragraph\">A cerim\u00f4nia de instala\u00e7\u00e3o aconteceu no 23\u00ba Batalh\u00e3o da Pol\u00edcia Militar, onde o Corpo de Bombeiros funcionar\u00e1 provisoriamente. Paralelamente, a Prefeitura de Valen\u00e7a trabalha na prepara\u00e7\u00e3o da sede da unidade, que ser\u00e1 instalada em um espa\u00e7o cedido pelo munic\u00edpio, em anexo \u00e0 Secretaria Municipal de Obras.<\/p>\n\n\n\n<p class=\"wp-block-paragraph\">A oficializa\u00e7\u00e3o ocorreu com a assinatura do termo de cess\u00e3o do im\u00f3vel que abrigar\u00e1 a futura sede do grupamento no antigo parque de exposi\u00e7\u00e3o, na BR 316.<\/p>\n\n\n\n<p class=\"wp-block-paragraph\">Durante a solenidade, estiveram presentes autoridades dos poderes Executivo, Legislativo e Judici\u00e1rio, representantes da Secretaria de Seguran\u00e7a P\u00fablica e Secretaria Estadual de Meio Ambiente, Corpo de Bombeiros, Pol\u00edcia Militar e integrantes da Brigada Municipal de Valen\u00e7a e Novo Oriente.<\/p>\n\n\n\n<p class=\"wp-block-paragraph\">O comandante-geral do Corpo de Bombeiros Militar do Piau\u00ed, coronel Jos\u00e9 R\u00eago, destacou a import\u00e2ncia da implanta\u00e7\u00e3o da unidade e afirmou que o grupamento representa um marco para Valen\u00e7a.<\/p>\n\n\n\n<p class=\"wp-block-paragraph\">\u201cEsse momento \u00e9 hist\u00f3rico para o Corpo de Bombeiros e para Valen\u00e7a, porque instalamos hoje a nossa primeira unidade de bombeiros aqui na cidade.\u201d<\/p>\n\n\n\n<p class=\"wp-block-paragraph\">Segundo o comandante, a unidade ter\u00e1 inicialmente um efetivo permanente e estrutura direcionada principalmente para o atendimento de inc\u00eandios florestais, mas tamb\u00e9m estar\u00e1 preparada para outras ocorr\u00eancias.<\/p>\n\n\n\n<p class=\"wp-block-paragraph\">O coronel explicou ainda que as tratativas para implanta\u00e7\u00e3o do grupamento foram iniciadas por determina\u00e7\u00e3o do governador Rafael Fonteles e do secret\u00e1rio de Seguran\u00e7a, em di\u00e1logo com a Prefeitura de Valen\u00e7a.<\/p>\n\n\n\n<p class=\"wp-block-paragraph\">O atendimento de emerg\u00eancia poder\u00e1 ser acionado pelo 193, n\u00famero oficial do Corpo de Bombeiros. As chamadas s\u00e3o recebidas pela central em Teresina, que mant\u00e9m comunica\u00e7\u00e3o com a equipe instalada em Valen\u00e7a. O atendimento tamb\u00e9m poder\u00e1 ser mobilizado por meio do 190, da Pol\u00edcia Militar, fortalecendo a integra\u00e7\u00e3o entre as duas for\u00e7as de seguran\u00e7a.<\/p>\n\n\n\n<p class=\"wp-block-paragraph\">A unidade dever\u00e1 atuar em ocorr\u00eancias como inc\u00eandios urbanos e florestais, acidentes automobil\u00edsticos, resgate de v\u00edtimas presas em ferragens, salvamentos e outras situa\u00e7\u00f5es de emerg\u00eancia.<\/p>\n\n\n\n<p class=\"wp-block-paragraph\">O subcomandante do Corpo de Bombeiros Militar do Piau\u00ed, coronel Jos\u00e9 Veloso, natural de Valen\u00e7a do Piau\u00ed, ressaltou que a popula\u00e7\u00e3o passar\u00e1 a contar com uma equipe de plant\u00e3o permanente.<\/p>\n\n\n\n<p class=\"wp-block-paragraph\">\u201cN\u00f3s vamos ter plant\u00e3o 24 horas. Essa equipe vai ficar de plant\u00e3o para fazer todo tipo de ocorr\u00eancia que o Corpo de Bombeiros faz, de um resgate de um gatinho at\u00e9 um combate a inc\u00eandio de maior vulto.\u201d<\/p>\n\n\n\n<p class=\"wp-block-paragraph\">O oficial destacou ainda a necessidade da presen\u00e7a do Corpo de Bombeiros diante do aumento das ocorr\u00eancias de inc\u00eandios na regi\u00e3o, especialmente durante o per\u00edodo de estiagem.<\/p>\n\n\n\n<p class=\"wp-block-paragraph\">Segundo ele, al\u00e9m dos inc\u00eandios urbanos e florestais, a unidade estar\u00e1 preparada para atuar em acidentes automobil\u00edsticos, resgate de v\u00edtimas, a\u00e7\u00f5es de preven\u00e7\u00e3o e ocorr\u00eancias em \u00e1reas como a Barragem Mesa de Pedra.<\/p>\n\n\n\n<p class=\"wp-block-paragraph\">A previs\u00e3o apresentada durante a solenidade \u00e9 de que, ap\u00f3s a conclus\u00e3o das adequa\u00e7\u00f5es no espa\u00e7o da Secretaria de Obras, a unidade seja transferida para a sede provis\u00f3ria preparada pelo munic\u00edpio e posteriormente avance para sua estrutura definitiva.<\/p>\n\n\n\n<p class=\"wp-block-paragraph\">O vice-prefeito de Valen\u00e7a, Rubens Alencar, comemorou a chegada da unidade e destacou a import\u00e2ncia do refor\u00e7o diante dos inc\u00eandios registrados recentemente no munic\u00edpio<\/p>\n\n\n\n<p class=\"wp-block-paragraph\">\u201cEssa institui\u00e7\u00e3o era necess\u00e1ria \u00e0 nossa microrregi\u00e3o. Ter esse Corpo de Bombeiros aqui nos traz tranquilidade.\u201d<\/p>\n\n\n\n<p class=\"wp-block-paragraph\">Rubens tamb\u00e9m reconheceu o trabalho desenvolvido pela Brigada Municipal, mas ressaltou que a presen\u00e7a de uma equipe especializada amplia a capacidade de resposta diante de ocorr\u00eancias de maior propor\u00e7\u00e3o.<\/p>\n\n\n\n<p class=\"wp-block-paragraph\">O secret\u00e1rio municipal de Meio Ambiente, Adna Lima, tamb\u00e9m celebrou a implanta\u00e7\u00e3o e destacou a parceria entre o munic\u00edpio, os bombeiros e os brigadistas.<\/p>\n\n\n\n<p class=\"wp-block-paragraph\">Segundo ele, a Prefeitura tem dado suporte para recepcionar e acomodar a equipe durante o per\u00edodo de instala\u00e7\u00e3o. A expectativa \u00e9 de que bombeiros e brigadistas atuem de forma integrada nas a\u00e7\u00f5es de preven\u00e7\u00e3o e combate aos inc\u00eandios.<\/p>\n\n\n\n<p class=\"wp-block-paragraph\">Al\u00e9m do combate a inc\u00eandios, a unidade amplia a capacidade de resposta para resgates, salvamentos, acidentes de tr\u00e2nsito, inc\u00eandios florestais, a\u00e7\u00f5es preventivas e ocorr\u00eancias em \u00e1reas de risco, oferecendo \u00e0 popula\u00e7\u00e3o um servi\u00e7o especializado com atendimento permanente.<\/p>\n\n\n\n<p class=\"wp-block-paragraph\">O secret\u00e1rio de Governo, Dr. Jos\u00e9 Itamar, indicado pelo prefeito Marcelo Costa para tratar da instala\u00e7\u00e3o do Corpo de Bombeiros no munic\u00edpio, afirmou que a chegada da corpora\u00e7\u00e3o \u00e9 motivo de comemora\u00e7\u00e3o para Valen\u00e7a do Piau\u00ed.<\/p>\n\n\n\n<p class=\"wp-block-paragraph\">\u201c\u00c9 um dia para se comemorar, \u00e9 um dia festivo para Valen\u00e7a. O prefeito Marcelo tem nos dado total liberdade no sentido de recepcion\u00e1-los, de acomod\u00e1-los, para que n\u00f3s possamos prestar esse grande servi\u00e7o \u00e0 popula\u00e7\u00e3o valenciana.\u201d<\/p>\n\n\n\n<blockquote class=\"instagram-media\" data-instgrm-captioned data-instgrm-permalink=\"https:\/\/www.instagram.com\/reel\/Dc1eRo-CWRT\/?utm_source=ig_embed&amp;utm_campaign=loading\" data-instgrm-version=\"14\" style=\" background:#FFF; border:0; border-radius:3px; box-shadow:0 0 1px 0 rgba(0,0,0,0.5),0 1px 10px 0 rgba(0,0,0,0.15); margin: 1px; max-width:540px; min-width:326px; padding:0; width:99.375%; width:-webkit-calc(100% - 2px); width:calc(100% - 2px);\"><div style=\"padding:16px;\"> <a href=\"https:\/\/www.instagram.com\/reel\/Dc1eRo-CWRT\/?utm_source=ig_embed&amp;utm_campaign=loading\" style=\" background:#FFFFFF; line-height:0; padding:0 0; text-align:center; text-decoration:none; width:100%;\" target=\"_blank\"> <div style=\" display: flex; flex-direction: row; align-items: center;\"> <div style=\"background-color: #F4F4F4; border-radius: 50%; flex-grow: 0; height: 40px; margin-right: 14px; width: 40px;\"><\/div> <div style=\"display: flex; flex-direction: column; flex-grow: 1; justify-content: center;\"> <div style=\" background-color: #F4F4F4; border-radius: 4px; flex-grow: 0; height: 14px; margin-bottom: 6px; width: 100px;\"><\/div> <div style=\" background-color: #F4F4F4; border-radius: 4px; flex-grow: 0; height: 14px; width: 60px;\"><\/div><\/div><\/div><div style=\"padding: 19% 0;\"><\/div> <div style=\"display:block; height:50px; margin:0 auto 12px; width:50px;\"><svg width=\"50px\" height=\"50px\" viewBox=\"0 0 60 60\" version=\"1.1\" xmlns=\"https:\/\/www.w3.org\/2000\/svg\" xmlns:xlink=\"https:\/\/www.w3.org\/1999\/xlink\"><g stroke=\"none\" stroke-width=\"1\" fill=\"none\" fill-rule=\"evenodd\"><g transform=\"translate(-511.000000, -20.000000)\" fill=\"#000000\"><g><path d=\"M556.869,30.41 C554.814,30.41 553.148,32.076 553.148,34.131 C553.148,36.186 554.814,37.852 556.869,37.852 C558.924,37.852 560.59,36.186 560.59,34.131 C560.59,32.076 558.924,30.41 556.869,30.41 M541,60.657 C535.114,60.657 530.342,55.887 530.342,50 C530.342,44.114 535.114,39.342 541,39.342 C546.887,39.342 551.658,44.114 551.658,50 C551.658,55.887 546.887,60.657 541,60.657 M541,33.886 C532.1,33.886 524.886,41.1 524.886,50 C524.886,58.899 532.1,66.113 541,66.113 C549.9,66.113 557.115,58.899 557.115,50 C557.115,41.1 549.9,33.886 541,33.886 M565.378,62.101 C565.244,65.022 564.756,66.606 564.346,67.663 C563.803,69.06 563.154,70.057 562.106,71.106 C561.058,72.155 560.06,72.803 558.662,73.347 C557.607,73.757 556.021,74.244 553.102,74.378 C549.944,74.521 548.997,74.552 541,74.552 C533.003,74.552 532.056,74.521 528.898,74.378 C525.979,74.244 524.393,73.757 523.338,73.347 C521.94,72.803 520.942,72.155 519.894,71.106 C518.846,70.057 518.197,69.06 517.654,67.663 C517.244,66.606 516.755,65.022 516.623,62.101 C516.479,58.943 516.448,57.996 516.448,50 C516.448,42.003 516.479,41.056 516.623,37.899 C516.755,34.978 517.244,33.391 517.654,32.338 C518.197,30.938 518.846,29.942 519.894,28.894 C520.942,27.846 521.94,27.196 523.338,26.654 C524.393,26.244 525.979,25.756 528.898,25.623 C532.057,25.479 533.004,25.448 541,25.448 C548.997,25.448 549.943,25.479 553.102,25.623 C556.021,25.756 557.607,26.244 558.662,26.654 C560.06,27.196 561.058,27.846 562.106,28.894 C563.154,29.942 563.803,30.938 564.346,32.338 C564.756,33.391 565.244,34.978 565.378,37.899 C565.522,41.056 565.552,42.003 565.552,50 C565.552,57.996 565.522,58.943 565.378,62.101 M570.82,37.631 C570.674,34.438 570.167,32.258 569.425,30.349 C568.659,28.377 567.633,26.702 565.965,25.035 C564.297,23.368 562.623,22.342 560.652,21.575 C558.743,20.834 556.562,20.326 553.369,20.18 C550.169,20.033 549.148,20 541,20 C532.853,20 531.831,20.033 528.631,20.18 C525.438,20.326 523.257,20.834 521.349,21.575 C519.376,22.342 517.703,23.368 516.035,25.035 C514.368,26.702 513.342,28.377 512.574,30.349 C511.834,32.258 511.326,34.438 511.181,37.631 C511.035,40.831 511,41.851 511,50 C511,58.147 511.035,59.17 511.181,62.369 C511.326,65.562 511.834,67.743 512.574,69.651 C513.342,71.625 514.368,73.296 516.035,74.965 C517.703,76.634 519.376,77.658 521.349,78.425 C523.257,79.167 525.438,79.673 528.631,79.82 C531.831,79.965 532.853,80.001 541,80.001 C549.148,80.001 550.169,79.965 553.369,79.82 C556.562,79.673 558.743,79.167 560.652,78.425 C562.623,77.658 564.297,76.634 565.965,74.965 C567.633,73.296 568.659,71.625 569.425,69.651 C570.167,67.743 570.674,65.562 570.82,62.369 C570.966,59.17 571,58.147 571,50 C571,41.851 570.966,40.831 570.82,37.631\"><\/path><\/g><\/g><\/g><\/svg><\/div><div style=\"padding-top: 8px;\"> <div style=\" color:#3897f0; font-family:Arial,sans-serif; font-size:14px; font-style:normal; font-weight:550; line-height:18px;\">Ver essa foto no Instagram<\/div><\/div><div style=\"padding: 12.5% 0;\"><\/div> <div style=\"display: flex; flex-direction: row; margin-bottom: 14px; align-items: center;\"><div> <div style=\"background-color: #F4F4F4; border-radius: 50%; height: 12.5px; width: 12.5px; transform: translateX(0px) translateY(7px);\"><\/div> <div style=\"background-color: #F4F4F4; height: 12.5px; transform: rotate(-45deg) translateX(3px) translateY(1px); width: 12.5px; flex-grow: 0; margin-right: 14px; margin-left: 2px;\"><\/div> <div style=\"background-color: #F4F4F4; border-radius: 50%; height: 12.5px; width: 12.5px; transform: translateX(9px) translateY(-18px);\"><\/div><\/div><div style=\"margin-left: 8px;\"> <div style=\" background-color: #F4F4F4; border-radius: 50%; flex-grow: 0; height: 20px; width: 20px;\"><\/div> <div style=\" width: 0; height: 0; border-top: 2px solid transparent; border-left: 6px solid #f4f4f4; border-bottom: 2px solid transparent; transform: translateX(16px) translateY(-4px) rotate(30deg)\"><\/div><\/div><div style=\"margin-left: auto;\"> <div style=\" width: 0px; border-top: 8px solid #F4F4F4; border-right: 8px solid transparent; transform: translateY(16px);\"><\/div> <div style=\" background-color: #F4F4F4; flex-grow: 0; height: 12px; width: 16px; transform: translateY(-4px);\"><\/div> <div style=\" width: 0; height: 0; border-top: 8px solid #F4F4F4; border-left: 8px solid transparent; transform: translateY(-4px) translateX(8px);\"><\/div><\/div><\/div> <div style=\"display: flex; flex-direction: column; flex-grow: 1; justify-content: center; margin-bottom: 24px;\"> <div style=\" background-color: #F4F4F4; border-radius: 4px; flex-grow: 0; height: 14px; margin-bottom: 6px; width: 224px;\"><\/div> <div style=\" background-color: #F4F4F4; border-radius: 4px; flex-grow: 0; height: 14px; width: 144px;\"><\/div><\/div><\/a><p style=\" color:#c9c8cd; font-family:Arial,sans-serif; font-size:14px; line-height:17px; margin-bottom:0; margin-top:8px; overflow:hidden; padding:8px 0 7px; text-align:center; text-overflow:ellipsis; white-space:nowrap;\"><a href=\"https:\/\/www.instagram.com\/reel\/Dc1eRo-CWRT\/?utm_source=ig_embed&amp;utm_campaign=loading\" style=\" color:#c9c8cd; font-family:Arial,sans-serif; font-size:14px; font-style:normal; font-weight:normal; line-height:17px; text-decoration:none;\" target=\"_blank\">Um post compartilhado por Portal V1 (@portalv1)<\/a><\/p><\/div><\/blockquote>\n<script async src=\"\/\/www.instagram.com\/embed.js\"><\/script>\n\n\n\n<p class=\"wp-block-paragraph\"><div class=\"ngg-galleryoverview\" data-widget=\"Galeria\" data-props='{&quot;galeria&quot;:{&quot;gallery_id&quot;:3871,&quot;total&quot;:14,&quot;max_page&quot;:1,&quot;page&quot;:1,&quot;images&quot;:[{&quot;pid&quot;:142939,&quot;imageURL&quot;:&quot;https:\\\/\\\/portalv1.com.br\\\/app\\\/wp-content\\\/gallery\\\/bombeiros\\\/portalv1IMG_0994valenca.jpg?t=1788460909&quot;,&quot;thumbnailURL&quot;:&quot;https:\\\/\\\/portalv1.com.br\\\/app\\\/wp-content\\\/gallery\\\/bombeiros\\\/thumbs\\\/thumbs_portalv1IMG_0994valenca.jpg?t=1788460909&quot;,&quot;description&quot;:&quot; &quot;,&quot;alttext&quot;:&quot;portalv1IMG_0994valenca&quot;,&quot;style&quot;:&quot;&quot;},{&quot;pid&quot;:142940,&quot;imageURL&quot;:&quot;https:\\\/\\\/portalv1.com.br\\\/app\\\/wp-content\\\/gallery\\\/bombeiros\\\/portalv1IMG_1004valenca.jpg?t=1788460911&quot;,&quot;thumbnailURL&quot;:&quot;https:\\\/\\\/portalv1.com.br\\\/app\\\/wp-content\\\/gallery\\\/bombeiros\\\/thumbs\\\/thumbs_portalv1IMG_1004valenca.jpg?t=1788460911&quot;,&quot;description&quot;:&quot; &quot;,&quot;alttext&quot;:&quot;portalv1IMG_1004valenca&quot;,&quot;style&quot;:&quot;&quot;},{&quot;pid&quot;:142941,&quot;imageURL&quot;:&quot;https:\\\/\\\/portalv1.com.br\\\/app\\\/wp-content\\\/gallery\\\/bombeiros\\\/portalv1IMG_1008valenca.jpg?t=1788460911&quot;,&quot;thumbnailURL&quot;:&quot;https:\\\/\\\/portalv1.com.br\\\/app\\\/wp-content\\\/gallery\\\/bombeiros\\\/thumbs\\\/thumbs_portalv1IMG_1008valenca.jpg?t=1788460911&quot;,&quot;description&quot;:&quot; &quot;,&quot;alttext&quot;:&quot;portalv1IMG_1008valenca&quot;,&quot;style&quot;:&quot;&quot;},{&quot;pid&quot;:142942,&quot;imageURL&quot;:&quot;https:\\\/\\\/portalv1.com.br\\\/app\\\/wp-content\\\/gallery\\\/bombeiros\\\/portalv1IMG_1002valenca.jpg?t=1788460911&quot;,&quot;thumbnailURL&quot;:&quot;https:\\\/\\\/portalv1.com.br\\\/app\\\/wp-content\\\/gallery\\\/bombeiros\\\/thumbs\\\/thumbs_portalv1IMG_1002valenca.jpg?t=1788460911&quot;,&quot;description&quot;:&quot; &quot;,&quot;alttext&quot;:&quot;portalv1IMG_1002valenca&quot;,&quot;style&quot;:&quot;&quot;},{&quot;pid&quot;:142943,&quot;imageURL&quot;:&quot;https:\\\/\\\/portalv1.com.br\\\/app\\\/wp-content\\\/gallery\\\/bombeiros\\\/portalv1IMG_1012valenca.jpg?t=1788460912&quot;,&quot;thumbnailURL&quot;:&quot;https:\\\/\\\/portalv1.com.br\\\/app\\\/wp-content\\\/gallery\\\/bombeiros\\\/thumbs\\\/thumbs_portalv1IMG_1012valenca.jpg?t=1788460912&quot;,&quot;description&quot;:&quot; &quot;,&quot;alttext&quot;:&quot;portalv1IMG_1012valenca&quot;,&quot;style&quot;:&quot;&quot;},{&quot;pid&quot;:142944,&quot;imageURL&quot;:&quot;https:\\\/\\\/portalv1.com.br\\\/app\\\/wp-content\\\/gallery\\\/bombeiros\\\/portalv1IMG_1015valenca.jpg?t=1788460912&quot;,&quot;thumbnailURL&quot;:&quot;https:\\\/\\\/portalv1.com.br\\\/app\\\/wp-content\\\/gallery\\\/bombeiros\\\/thumbs\\\/thumbs_portalv1IMG_1015valenca.jpg?t=1788460912&quot;,&quot;description&quot;:&quot; &quot;,&quot;alttext&quot;:&quot;portalv1IMG_1015valenca&quot;,&quot;style&quot;:&quot;&quot;},{&quot;pid&quot;:142945,&quot;imageURL&quot;:&quot;https:\\\/\\\/portalv1.com.br\\\/app\\\/wp-content\\\/gallery\\\/bombeiros\\\/portalv1IMG_1022valenca.jpg?t=1788460912&quot;,&quot;thumbnailURL&quot;:&quot;https:\\\/\\\/portalv1.com.br\\\/app\\\/wp-content\\\/gallery\\\/bombeiros\\\/thumbs\\\/thumbs_portalv1IMG_1022valenca.jpg?t=1788460912&quot;,&quot;description&quot;:&quot; &quot;,&quot;alttext&quot;:&quot;portalv1IMG_1022valenca&quot;,&quot;style&quot;:&quot;&quot;},{&quot;pid&quot;:142946,&quot;imageURL&quot;:&quot;https:\\\/\\\/portalv1.com.br\\\/app\\\/wp-content\\\/gallery\\\/bombeiros\\\/portalv1IMG_1036valenca.jpg?t=1788460913&quot;,&quot;thumbnailURL&quot;:&quot;https:\\\/\\\/portalv1.com.br\\\/app\\\/wp-content\\\/gallery\\\/bombeiros\\\/thumbs\\\/thumbs_portalv1IMG_1036valenca.jpg?t=1788460913&quot;,&quot;description&quot;:&quot; &quot;,&quot;alttext&quot;:&quot;portalv1IMG_1036valenca&quot;,&quot;style&quot;:&quot;&quot;},{&quot;pid&quot;:142947,&quot;imageURL&quot;:&quot;https:\\\/\\\/portalv1.com.br\\\/app\\\/wp-content\\\/gallery\\\/bombeiros\\\/portalv1IMG_1050valenca.jpg?t=1788460913&quot;,&quot;thumbnailURL&quot;:&quot;https:\\\/\\\/portalv1.com.br\\\/app\\\/wp-content\\\/gallery\\\/bombeiros\\\/thumbs\\\/thumbs_portalv1IMG_1050valenca.jpg?t=1788460913&quot;,&quot;description&quot;:&quot; &quot;,&quot;alttext&quot;:&quot;portalv1IMG_1050valenca&quot;,&quot;style&quot;:&quot;&quot;},{&quot;pid&quot;:142948,&quot;imageURL&quot;:&quot;https:\\\/\\\/portalv1.com.br\\\/app\\\/wp-content\\\/gallery\\\/bombeiros\\\/portalv1IMG_1042valenca.jpg?t=1788460913&quot;,&quot;thumbnailURL&quot;:&quot;https:\\\/\\\/portalv1.com.br\\\/app\\\/wp-content\\\/gallery\\\/bombeiros\\\/thumbs\\\/thumbs_portalv1IMG_1042valenca.jpg?t=1788460913&quot;,&quot;description&quot;:&quot; &quot;,&quot;alttext&quot;:&quot;portalv1IMG_1042valenca&quot;,&quot;style&quot;:&quot;&quot;},{&quot;pid&quot;:142949,&quot;imageURL&quot;:&quot;https:\\\/\\\/portalv1.com.br\\\/app\\\/wp-content\\\/gallery\\\/bombeiros\\\/portalv1WhatsApp-Image-2026-09-03-at-12.37.01valenca.jpg?t=1788460914&quot;,&quot;thumbnailURL&quot;:&quot;https:\\\/\\\/portalv1.com.br\\\/app\\\/wp-content\\\/gallery\\\/bombeiros\\\/thumbs\\\/thumbs_portalv1WhatsApp-Image-2026-09-03-at-12.37.01valenca.jpg?t=1788460914&quot;,&quot;description&quot;:&quot; &quot;,&quot;alttext&quot;:&quot;portalv1WhatsApp-Image-2026-09-03-at-12.37.01valenca&quot;,&quot;style&quot;:&quot;&quot;},{&quot;pid&quot;:142950,&quot;imageURL&quot;:&quot;https:\\\/\\\/portalv1.com.br\\\/app\\\/wp-content\\\/gallery\\\/bombeiros\\\/portalv1WhatsApp-Image-2026-09-03-at-12.37.12valenca.jpg?t=1788460914&quot;,&quot;thumbnailURL&quot;:&quot;https:\\\/\\\/portalv1.com.br\\\/app\\\/wp-content\\\/gallery\\\/bombeiros\\\/thumbs\\\/thumbs_portalv1WhatsApp-Image-2026-09-03-at-12.37.12valenca.jpg?t=1788460914&quot;,&quot;description&quot;:&quot; &quot;,&quot;alttext&quot;:&quot;portalv1WhatsApp-Image-2026-09-03-at-12.37.12valenca&quot;,&quot;style&quot;:&quot;&quot;},{&quot;pid&quot;:142951,&quot;imageURL&quot;:&quot;https:\\\/\\\/portalv1.com.br\\\/app\\\/wp-content\\\/gallery\\\/bombeiros\\\/portalv1WhatsApp-Image-2026-09-03-at-12.37.08valenca.jpg?t=1788460914&quot;,&quot;thumbnailURL&quot;:&quot;https:\\\/\\\/portalv1.com.br\\\/app\\\/wp-content\\\/gallery\\\/bombeiros\\\/thumbs\\\/thumbs_portalv1WhatsApp-Image-2026-09-03-at-12.37.08valenca.jpg?t=1788460914&quot;,&quot;description&quot;:&quot; &quot;,&quot;alttext&quot;:&quot;portalv1WhatsApp-Image-2026-09-03-at-12.37.08valenca&quot;,&quot;style&quot;:&quot;&quot;},{&quot;pid&quot;:142952,&quot;imageURL&quot;:&quot;https:\\\/\\\/portalv1.com.br\\\/app\\\/wp-content\\\/gallery\\\/bombeiros\\\/portalv1WhatsApp-Image-2026-09-03-at-12.37.13valenca.jpg?t=1788460915&quot;,&quot;thumbnailURL&quot;:&quot;https:\\\/\\\/portalv1.com.br\\\/app\\\/wp-content\\\/gallery\\\/bombeiros\\\/thumbs\\\/thumbs_portalv1WhatsApp-Image-2026-09-03-at-12.37.13valenca.jpg?t=1788460915&quot;,&quot;description&quot;:&quot; &quot;,&quot;alttext&quot;:&quot;portalv1WhatsApp-Image-2026-09-03-at-12.37.13valenca&quot;,&quot;style&quot;:&quot;&quot;}]}}'><\/div><\/p>\n","protected":false},"excerpt":{"rendered":"<p>Valen\u00e7a do Piau\u00ed viveu, nesta quinta-feira (3), um momento hist\u00f3rico para a seguran\u00e7a p\u00fablica e a preven\u00e7\u00e3o de acidentes. Foi realizada a solenidade de instala\u00e7\u00e3o do 2\u00ba Subgrupamento do 7\u00ba&#8230;<\/p>\n","protected":false},"author":1,"featured_media":271568,"comment_status":"open","ping_status":"open","sticky":false,"template":"","format":"standard","meta":{"ngg_post_thumbnail":0,"footnotes":""},"categories":[243],"tags":[],"class_list":["post-271566","post","type-post","status-publish","format-standard","has-post-thumbnail","hentry","category-geral"],"views":311,"meta_data":{"thumb":"https:\/\/portalv1.com.br\/app\/wp-content\/uploads\/2026\/09\/Apresentacao1-6.jpg","imagem":{"fullsize":{"url":"https:\/\/portalv1.com.br\/app\/wp-content\/uploads\/2026\/09\/Apresentacao1-6.jpg","width":1280,"height":720},"medium":{"url":"https:\/\/portalv1.com.br\/app\/wp-content\/uploads\/2026\/09\/Apresentacao1-6-300x169.jpg","width":300,"height":169},"large":{"url":"https:\/\/portalv1.com.br\/app\/wp-content\/uploads\/2026\/09\/Apresentacao1-6-640x360.jpg","width":640,"height":360},"thumbnail":{"url":"https:\/\/portalv1.com.br\/app\/wp-content\/uploads\/2026\/09\/Apresentacao1-6-100x100.jpg","width":100,"height":100},"medium_large":{"url":"https:\/\/portalv1.com.br\/app\/wp-content\/uploads\/2026\/09\/Apresentacao1-6-768x432.jpg","width":768,"height":432}},"data":{"simple":"03\/09\/2026","date_time":"03\/09\/2026 12:45:13","date":"h\u00e1 9 horas"},"chapeu":"Saiba mais","source":"m_destacada"},"_links":{"self":[{"href":"https:\/\/portalv1.com.br\/api\/wp\/v2\/posts\/271566","targetHints":{"allow":["GET"]}}],"collection":[{"href":"https:\/\/portalv1.com.br\/api\/wp\/v2\/posts"}],"about":[{"href":"https:\/\/portalv1.com.br\/api\/wp\/v2\/types\/post"}],"author":[{"embeddable":true,"href":"https:\/\/portalv1.com.br\/api\/wp\/v2\/users\/1"}],"replies":[{"embeddable":true,"href":"https:\/\/portalv1.com.br\/api\/wp\/v2\/comments?post=271566"}],"version-history":[{"count":0,"href":"https:\/\/portalv1.com.br\/api\/wp\/v2\/posts\/271566\/revisions"}],"wp:featuredmedia":[{"embeddable":true,"href":"https:\/\/portalv1.com.br\/api\/wp\/v2\/media\/271568"}],"wp:attachment":[{"href":"https:\/\/portalv1.com.br\/api\/wp\/v2\/media?parent=271566"}],"wp:term":[{"taxonomy":"category","embeddable":true,"href":"https:\/\/portalv1.com.br\/api\/wp\/v2\/categories?post=271566"},{"taxonomy":"post_tag","embeddable":true,"href":"https:\/\/portalv1.com.br\/api\/wp\/v2\/tags?post=271566"}],"curies":[{"name":"wp","href":"https:\/\/api.w.org\/{rel}","templated":true}]}}