{"id":271569,"date":"2026-09-03T15:53:24","date_gmt":"2026-09-03T18:53:24","guid":{"rendered":"https:\/\/portalv1.com.br\/?p=271569"},"modified":"2026-09-03T15:53:25","modified_gmt":"2026-09-03T18:53:25","slug":"projeto-de-ciro-nogueira-que-criminaliza-incentivo-a-violencia-em-escolas-e-locais-publicos-e-aprovado-no-senado","status":"publish","type":"post","link":"https:\/\/portalv1.com.br\/projeto-de-ciro-nogueira-que-criminaliza-incentivo-a-violencia-em-escolas-e-locais-publicos-e-aprovado-no-senado\/","title":{"rendered":"Projeto de Ciro Nogueira que criminaliza incentivo \u00e0 viol\u00eancia em escolas e locais p\u00fablicos \u00e9 aprovado no Senado"},"content":{"rendered":"\n<p class=\"wp-block-paragraph\">O Projeto de Lei 2.170\/2023, de autoria do senador Ciro Nogueira (Progressistas), que criminaliza a incita\u00e7\u00e3o \u00e0 viol\u00eancia em ambientes coletivos, foi aprovado nesta ter\u00e7a-feira (1\u00ba) pela Comiss\u00e3o de Seguran\u00e7a P\u00fablica (CSP) do Senado.<\/p>\n\n\n\n<p class=\"wp-block-paragraph\">A proposta altera o C\u00f3digo Penal e busca enfrentar uma pr\u00e1tica que ganhou for\u00e7a principalmente com o uso das redes sociais: o incentivo \u00e0 viol\u00eancia contra pessoas em locais de grande circula\u00e7\u00e3o, como escolas, universidades, ambientes de trabalho e shoppings.<\/p>\n\n\n\n<p class=\"wp-block-paragraph\">A proposta tamb\u00e9m estabelece aumento de at\u00e9 o dobro da pena quando a conduta for praticada por meio da internet, justamente para combater o uso das redes sociais como instrumento de dissemina\u00e7\u00e3o de amea\u00e7as, viol\u00eancia e p\u00e2nico.<\/p>\n\n\n\n<p class=\"wp-block-paragraph\">Para Ciro Nogueira, \u00e9 necess\u00e1rio responsabilizar tamb\u00e9m quem est\u00e1 por tr\u00e1s do incentivo \u00e0 viol\u00eancia, especialmente quando utiliza a internet para estimular ataques e espalhar medo.<\/p>\n\n\n\n<p class=\"wp-block-paragraph\">\u201cN\u00e3o podemos permitir que pessoas utilizem o anonimato das redes sociais para incentivar a viol\u00eancia e espalhar o p\u00e2nico em locais onde milhares de brasileiros estudam, trabalham, convivem e circulam todos os dias. Nosso objetivo \u00e9 fechar essa brecha e deixar claro que quem estimula ou induz a pr\u00e1tica de crimes tamb\u00e9m precisa responder por seus atos\u201d, afirma o senador.<\/p>\n\n\n\n<p class=\"wp-block-paragraph\">Segundo Ciro, a proposta tem car\u00e1ter preventivo e busca desestimular comportamentos que podem transformar amea\u00e7as virtuais em situa\u00e7\u00f5es concretas de viol\u00eancia. \u201cPrecisamos agir antes que a amea\u00e7a se transforme em trag\u00e9dia. A legisla\u00e7\u00e3o deve acompanhar a realidade e oferecer instrumentos para que o Estado possa combater aqueles que usam a internet para estimular ataques e colocar vidas em risco\u201d, acrescenta.<\/p>\n\n\n\n<p class=\"wp-block-paragraph\">O projeto representa um avan\u00e7o na discuss\u00e3o sobre seguran\u00e7a em ambientes coletivos e sobre a responsabilidade de quem utiliza as redes sociais para estimular a pr\u00e1tica de crimes.<\/p>\n\n\n\n<p class=\"wp-block-paragraph\">A mat\u00e9ria foi aprovada pela Comiss\u00e3o de Seguran\u00e7a P\u00fablica e segue agora para a Comiss\u00e3o de Constitui\u00e7\u00e3o e Justi\u00e7a (CCJ) do Senado.<\/p>\n\n\n<figure class=\"wp-block-post-featured-image\"><img loading=\"lazy\" decoding=\"async\" width=\"1600\" height=\"1066\" src=\"https:\/\/portalv1.com.br\/app\/wp-content\/uploads\/2026\/09\/WhatsApp-Image-2026-09-03-at-11.36.58.jpeg\" class=\"attachment-post-thumbnail size-post-thumbnail wp-post-image\" alt=\"\" style=\"object-fit:cover;\" srcset=\"https:\/\/portalv1.com.br\/app\/wp-content\/uploads\/2026\/09\/WhatsApp-Image-2026-09-03-at-11.36.58.jpeg 1600w, https:\/\/portalv1.com.br\/app\/wp-content\/uploads\/2026\/09\/WhatsApp-Image-2026-09-03-at-11.36.58-300x200.jpeg 300w, https:\/\/portalv1.com.br\/app\/wp-content\/uploads\/2026\/09\/WhatsApp-Image-2026-09-03-at-11.36.58-640x426.jpeg 640w, https:\/\/portalv1.com.br\/app\/wp-content\/uploads\/2026\/09\/WhatsApp-Image-2026-09-03-at-11.36.58-768x512.jpeg 768w, https:\/\/portalv1.com.br\/app\/wp-content\/uploads\/2026\/09\/WhatsApp-Image-2026-09-03-at-11.36.58-1536x1023.jpeg 1536w\" sizes=\"auto, (max-width: 1600px) 100vw, 1600px\" \/><\/figure>","protected":false},"excerpt":{"rendered":"<p>O Projeto de Lei 2.170\/2023, de autoria do senador Ciro Nogueira (Progressistas), que criminaliza a incita\u00e7\u00e3o \u00e0 viol\u00eancia em ambientes coletivos, foi aprovado nesta ter\u00e7a-feira (1\u00ba) pela Comiss\u00e3o de Seguran\u00e7a&#8230;<\/p>\n","protected":false},"author":1,"featured_media":271570,"comment_status":"open","ping_status":"open","sticky":false,"template":"","format":"standard","meta":{"ngg_post_thumbnail":0,"footnotes":""},"categories":[243],"tags":[],"class_list":["post-271569","post","type-post","status-publish","format-standard","has-post-thumbnail","hentry","category-geral"],"views":28,"meta_data":{"thumb":"https:\/\/portalv1.com.br\/app\/wp-content\/uploads\/2026\/09\/WhatsApp-Image-2026-09-03-at-11.36.58.jpeg","imagem":{"fullsize":{"url":"https:\/\/portalv1.com.br\/app\/wp-content\/uploads\/2026\/09\/WhatsApp-Image-2026-09-03-at-11.36.58.jpeg","width":1600,"height":1066},"medium":{"url":"https:\/\/portalv1.com.br\/app\/wp-content\/uploads\/2026\/09\/WhatsApp-Image-2026-09-03-at-11.36.58-300x200.jpeg","width":300,"height":200},"large":{"url":"https:\/\/portalv1.com.br\/app\/wp-content\/uploads\/2026\/09\/WhatsApp-Image-2026-09-03-at-11.36.58-640x426.jpeg","width":640,"height":426},"thumbnail":{"url":"https:\/\/portalv1.com.br\/app\/wp-content\/uploads\/2026\/09\/WhatsApp-Image-2026-09-03-at-11.36.58-100x100.jpeg","width":100,"height":100},"medium_large":{"url":"https:\/\/portalv1.com.br\/app\/wp-content\/uploads\/2026\/09\/WhatsApp-Image-2026-09-03-at-11.36.58-768x512.jpeg","width":768,"height":512},"1536x1536":{"url":"https:\/\/portalv1.com.br\/app\/wp-content\/uploads\/2026\/09\/WhatsApp-Image-2026-09-03-at-11.36.58-1536x1023.jpeg","width":1536,"height":1023}},"data":{"simple":"03\/09\/2026","date_time":"03\/09\/2026 12:53:24","date":"h\u00e1 9 horas"},"chapeu":"Saiba mais","source":"slide"},"_links":{"self":[{"href":"https:\/\/portalv1.com.br\/api\/wp\/v2\/posts\/271569","targetHints":{"allow":["GET"]}}],"collection":[{"href":"https:\/\/portalv1.com.br\/api\/wp\/v2\/posts"}],"about":[{"href":"https:\/\/portalv1.com.br\/api\/wp\/v2\/types\/post"}],"author":[{"embeddable":true,"href":"https:\/\/portalv1.com.br\/api\/wp\/v2\/users\/1"}],"replies":[{"embeddable":true,"href":"https:\/\/portalv1.com.br\/api\/wp\/v2\/comments?post=271569"}],"version-history":[{"count":0,"href":"https:\/\/portalv1.com.br\/api\/wp\/v2\/posts\/271569\/revisions"}],"wp:featuredmedia":[{"embeddable":true,"href":"https:\/\/portalv1.com.br\/api\/wp\/v2\/media\/271570"}],"wp:attachment":[{"href":"https:\/\/portalv1.com.br\/api\/wp\/v2\/media?parent=271569"}],"wp:term":[{"taxonomy":"category","embeddable":true,"href":"https:\/\/portalv1.com.br\/api\/wp\/v2\/categories?post=271569"},{"taxonomy":"post_tag","embeddable":true,"href":"https:\/\/portalv1.com.br\/api\/wp\/v2\/tags?post=271569"}],"curies":[{"name":"wp","href":"https:\/\/api.w.org\/{rel}","templated":true}]}}