{"id":271579,"date":"2026-09-04T09:05:51","date_gmt":"2026-09-04T12:05:51","guid":{"rendered":"https:\/\/portalv1.com.br\/?p=271579"},"modified":"2026-09-04T13:04:30","modified_gmt":"2026-09-04T16:04:30","slug":"feira-de-artesanato-e-agricultura-movimenta-novo-oriente-neste-sabado","status":"publish","type":"post","link":"https:\/\/portalv1.com.br\/feira-de-artesanato-e-agricultura-movimenta-novo-oriente-neste-sabado\/","title":{"rendered":"Feira de Artesanato e Agricultura movimenta Novo Oriente neste s\u00e1bado"},"content":{"rendered":"\n<p class=\"wp-block-paragraph\">A Prefeitura de Novo Oriente do Piau\u00ed realiza, neste s\u00e1bado, 5 de setembro, mais uma edi\u00e7\u00e3o da Feira de Artesanato e Agricultura, reunindo artes\u00e3os e produtores locais em um espa\u00e7o de valoriza\u00e7\u00e3o da cultura, da agricultura familiar e da economia do munic\u00edpio.<\/p>\n\n\n\n<p class=\"wp-block-paragraph\">A programa\u00e7\u00e3o ter\u00e1 in\u00edcio a partir das 8h da manh\u00e3, na Pra\u00e7a Raimundo Sobreira, no Mercado P\u00fablico, onde os visitantes poder\u00e3o conhecer e adquirir uma variedade de produtos confeccionados e produzidos por trabalhadores do pr\u00f3prio munic\u00edpio.<\/p>\n\n\n\n<p class=\"wp-block-paragraph\">Criada pela gest\u00e3o municipal, a feira tem como principal objetivo fortalecer e dar visibilidade ao trabalho dos artes\u00e3os e produtores locais, oferecendo uma importante vitrine para que possam apresentar e comercializar seus produtos diretamente com a popula\u00e7\u00e3o.<\/p>\n\n\n\n<p class=\"wp-block-paragraph\">Al\u00e9m de contribuir para a gera\u00e7\u00e3o de renda das fam\u00edlias, a iniciativa tamb\u00e9m estimula a economia local e valoriza os talentos e a produ\u00e7\u00e3o de Novo Oriente.<\/p>\n\n\n\n<p class=\"wp-block-paragraph\">A Prefeitura convida a popula\u00e7\u00e3o a prestigiar mais uma edi\u00e7\u00e3o da feira, apoiar os produtores do munic\u00edpio e aproveitar a manh\u00e3 de s\u00e1bado para conhecer os produtos e trabalhos que estar\u00e3o dispon\u00edveis no Mercado P\u00fablico.<\/p>\n\n\n<figure class=\"wp-block-post-featured-image\"><img loading=\"lazy\" decoding=\"async\" width=\"1281\" height=\"1604\" src=\"https:\/\/portalv1.com.br\/app\/wp-content\/uploads\/2026\/09\/SaveClip.App_789925845_18116329742513858_8715667317795440385_n.jpg\" class=\"attachment-post-thumbnail size-post-thumbnail wp-post-image\" alt=\"\" style=\"object-fit:cover;\" srcset=\"https:\/\/portalv1.com.br\/app\/wp-content\/uploads\/2026\/09\/SaveClip.App_789925845_18116329742513858_8715667317795440385_n.jpg 1281w, https:\/\/portalv1.com.br\/app\/wp-content\/uploads\/2026\/09\/SaveClip.App_789925845_18116329742513858_8715667317795440385_n-300x376.jpg 300w, https:\/\/portalv1.com.br\/app\/wp-content\/uploads\/2026\/09\/SaveClip.App_789925845_18116329742513858_8715667317795440385_n-640x801.jpg 640w, https:\/\/portalv1.com.br\/app\/wp-content\/uploads\/2026\/09\/SaveClip.App_789925845_18116329742513858_8715667317795440385_n-768x962.jpg 768w, https:\/\/portalv1.com.br\/app\/wp-content\/uploads\/2026\/09\/SaveClip.App_789925845_18116329742513858_8715667317795440385_n-1227x1536.jpg 1227w\" sizes=\"auto, (max-width: 1281px) 100vw, 1281px\" \/><\/figure>","protected":false},"excerpt":{"rendered":"<p>A Prefeitura de Novo Oriente do Piau\u00ed realiza, neste s\u00e1bado, 5 de setembro, mais uma edi\u00e7\u00e3o da Feira de Artesanato e Agricultura, reunindo artes\u00e3os e produtores locais em um espa\u00e7o&#8230;<\/p>\n","protected":false},"author":1,"featured_media":271581,"comment_status":"open","ping_status":"open","sticky":false,"template":"","format":"standard","meta":{"ngg_post_thumbnail":0,"footnotes":""},"categories":[243],"tags":[],"class_list":["post-271579","post","type-post","status-publish","format-standard","has-post-thumbnail","hentry","category-geral"],"views":45,"meta_data":{"thumb":"https:\/\/portalv1.com.br\/app\/wp-content\/uploads\/2026\/09\/SaveClip.App_789925845_18116329742513858_8715667317795440385_n.jpg","imagem":{"fullsize":{"url":"https:\/\/portalv1.com.br\/app\/wp-content\/uploads\/2026\/09\/SaveClip.App_789925845_18116329742513858_8715667317795440385_n.jpg","width":1281,"height":1604},"medium":{"url":"https:\/\/portalv1.com.br\/app\/wp-content\/uploads\/2026\/09\/SaveClip.App_789925845_18116329742513858_8715667317795440385_n-300x376.jpg","width":300,"height":376},"large":{"url":"https:\/\/portalv1.com.br\/app\/wp-content\/uploads\/2026\/09\/SaveClip.App_789925845_18116329742513858_8715667317795440385_n-640x801.jpg","width":640,"height":801},"thumbnail":{"url":"https:\/\/portalv1.com.br\/app\/wp-content\/uploads\/2026\/09\/SaveClip.App_789925845_18116329742513858_8715667317795440385_n-100x100.jpg","width":100,"height":100},"medium_large":{"url":"https:\/\/portalv1.com.br\/app\/wp-content\/uploads\/2026\/09\/SaveClip.App_789925845_18116329742513858_8715667317795440385_n-768x962.jpg","width":768,"height":962},"1536x1536":{"url":"https:\/\/portalv1.com.br\/app\/wp-content\/uploads\/2026\/09\/SaveClip.App_789925845_18116329742513858_8715667317795440385_n-1227x1536.jpg","width":1227,"height":1536}},"data":{"simple":"04\/09\/2026","date_time":"04\/09\/2026 06:05:51","date":"h\u00e1 18 horas"},"chapeu":"Saiba mais","source":"slide"},"_links":{"self":[{"href":"https:\/\/portalv1.com.br\/api\/wp\/v2\/posts\/271579","targetHints":{"allow":["GET"]}}],"collection":[{"href":"https:\/\/portalv1.com.br\/api\/wp\/v2\/posts"}],"about":[{"href":"https:\/\/portalv1.com.br\/api\/wp\/v2\/types\/post"}],"author":[{"embeddable":true,"href":"https:\/\/portalv1.com.br\/api\/wp\/v2\/users\/1"}],"replies":[{"embeddable":true,"href":"https:\/\/portalv1.com.br\/api\/wp\/v2\/comments?post=271579"}],"version-history":[{"count":0,"href":"https:\/\/portalv1.com.br\/api\/wp\/v2\/posts\/271579\/revisions"}],"wp:featuredmedia":[{"embeddable":true,"href":"https:\/\/portalv1.com.br\/api\/wp\/v2\/media\/271581"}],"wp:attachment":[{"href":"https:\/\/portalv1.com.br\/api\/wp\/v2\/media?parent=271579"}],"wp:term":[{"taxonomy":"category","embeddable":true,"href":"https:\/\/portalv1.com.br\/api\/wp\/v2\/categories?post=271579"},{"taxonomy":"post_tag","embeddable":true,"href":"https:\/\/portalv1.com.br\/api\/wp\/v2\/tags?post=271579"}],"curies":[{"name":"wp","href":"https:\/\/api.w.org\/{rel}","templated":true}]}}