{"id":271590,"date":"2026-09-04T13:04:16","date_gmt":"2026-09-04T16:04:16","guid":{"rendered":"https:\/\/portalv1.com.br\/?p=271590"},"modified":"2026-09-04T13:05:56","modified_gmt":"2026-09-04T16:05:56","slug":"moradores-denunciam-constantes-quedas-de-energia-em-bairros-de-valenca-e-cobram-respostas-da-equatorial","status":"publish","type":"post","link":"https:\/\/portalv1.com.br\/moradores-denunciam-constantes-quedas-de-energia-em-bairros-de-valenca-e-cobram-respostas-da-equatorial\/","title":{"rendered":"Moradores denunciam constantes quedas de energia em bairros de Valen\u00e7a e cobram respostas da Equatorial"},"content":{"rendered":"\n<p class=\"wp-block-paragraph\">Moradores dos bairros Campestre e Lavanderia, em Valen\u00e7a do Piau\u00ed, est\u00e3o enfrentando uma sequ\u00eancia de quedas e interrup\u00e7\u00f5es no fornecimento de energia el\u00e9trica e cobram provid\u00eancias da Equatorial Piau\u00ed. Segundo os relatos, o problema vem ocorrendo de forma repetitiva, principalmente durante a noite, sem que os consumidores recebam qualquer aviso pr\u00e9vio da concession\u00e1ria.<\/p>\n\n\n\n<p class=\"wp-block-paragraph\">De acordo com o consumidor Fernando, morador do Campestre, as interrup\u00e7\u00f5es come\u00e7aram na noite de 2 de setembro e v\u00eam acontecendo praticamente sempre no mesmo hor\u00e1rio.<\/p>\n\n\n\n<p class=\"wp-block-paragraph\">\u201cCome\u00e7a \u00e0s 21h e fica faltando a cada 30 minutos. A \u00faltima vez foi \u00e0s 23h57. Come\u00e7ou no dia 02\/09\/2026, mesmo hor\u00e1rio, e n\u00e3o avisam\u201d, relatou.<\/p>\n\n\n\n<p class=\"wp-block-paragraph\">A situa\u00e7\u00e3o tem provocado revolta e preocupa\u00e7\u00e3o entre os moradores, que afirmam estar sendo obrigados a conviver com sucessivas interrup\u00e7\u00f5es, sem informa\u00e7\u00f5es claras sobre o que estaria provocando o problema ou quando o fornecimento ser\u00e1 normalizado de maneira definitiva.<\/p>\n\n\n\n<p class=\"wp-block-paragraph\"><strong>Medo de preju\u00edzos e risco para pessoas acamadas<\/strong><\/p>\n\n\n\n<p class=\"wp-block-paragraph\">Al\u00e9m dos transtornos provocados pela falta de energia, os moradores demonstram preocupa\u00e7\u00e3o com poss\u00edveis danos aos equipamentos el\u00e9tricos e eletr\u00f4nicos devido \u00e0s constantes interrup\u00e7\u00f5es e ao retorno da energia.<\/p>\n\n\n\n<p class=\"wp-block-paragraph\">A situa\u00e7\u00e3o \u00e9 ainda mais delicada para fam\u00edlias que possuem pessoas acamadas e que dependem de aparelhos el\u00e9tricos para auxiliar na respira\u00e7\u00e3o e em outros cuidados. Para esses consumidores, uma interrup\u00e7\u00e3o no fornecimento pode representar muito mais do que um simples transtorno.<\/p>\n\n\n\n<p class=\"wp-block-paragraph\">Os moradores tamb\u00e9m relatam dificuldades para manter ar-condicionado, ventiladores e outros equipamentos funcionando normalmente, especialmente durante a noite, quando as interrup\u00e7\u00f5es t\u00eam sido registradas com maior frequ\u00eancia.<\/p>\n\n\n<figure class=\"wp-block-post-featured-image\"><img loading=\"lazy\" decoding=\"async\" width=\"1280\" height=\"720\" src=\"https:\/\/portalv1.com.br\/app\/wp-content\/uploads\/2026\/09\/Apresentacao1-7.jpg\" class=\"attachment-post-thumbnail size-post-thumbnail wp-post-image\" alt=\"\" style=\"object-fit:cover;\" srcset=\"https:\/\/portalv1.com.br\/app\/wp-content\/uploads\/2026\/09\/Apresentacao1-7.jpg 1280w, https:\/\/portalv1.com.br\/app\/wp-content\/uploads\/2026\/09\/Apresentacao1-7-300x169.jpg 300w, https:\/\/portalv1.com.br\/app\/wp-content\/uploads\/2026\/09\/Apresentacao1-7-640x360.jpg 640w, https:\/\/portalv1.com.br\/app\/wp-content\/uploads\/2026\/09\/Apresentacao1-7-768x432.jpg 768w\" sizes=\"auto, (max-width: 1280px) 100vw, 1280px\" \/><\/figure>","protected":false},"excerpt":{"rendered":"<p>Moradores dos bairros Campestre e Lavanderia, em Valen\u00e7a do Piau\u00ed, est\u00e3o enfrentando uma sequ\u00eancia de quedas e interrup\u00e7\u00f5es no fornecimento de energia el\u00e9trica e cobram provid\u00eancias da Equatorial Piau\u00ed. Segundo&#8230;<\/p>\n","protected":false},"author":1,"featured_media":271592,"comment_status":"open","ping_status":"open","sticky":false,"template":"","format":"standard","meta":{"ngg_post_thumbnail":0,"footnotes":""},"categories":[243],"tags":[],"class_list":["post-271590","post","type-post","status-publish","format-standard","has-post-thumbnail","hentry","category-geral"],"views":77,"meta_data":{"thumb":"https:\/\/portalv1.com.br\/app\/wp-content\/uploads\/2026\/09\/Apresentacao1-7.jpg","imagem":{"fullsize":{"url":"https:\/\/portalv1.com.br\/app\/wp-content\/uploads\/2026\/09\/Apresentacao1-7.jpg","width":1280,"height":720},"medium":{"url":"https:\/\/portalv1.com.br\/app\/wp-content\/uploads\/2026\/09\/Apresentacao1-7-300x169.jpg","width":300,"height":169},"large":{"url":"https:\/\/portalv1.com.br\/app\/wp-content\/uploads\/2026\/09\/Apresentacao1-7-640x360.jpg","width":640,"height":360},"thumbnail":{"url":"https:\/\/portalv1.com.br\/app\/wp-content\/uploads\/2026\/09\/Apresentacao1-7-100x100.jpg","width":100,"height":100},"medium_large":{"url":"https:\/\/portalv1.com.br\/app\/wp-content\/uploads\/2026\/09\/Apresentacao1-7-768x432.jpg","width":768,"height":432}},"data":{"simple":"04\/09\/2026","date_time":"04\/09\/2026 10:04:16","date":"h\u00e1 14 horas"},"chapeu":"Escurid\u00e3o ","source":"m_destacada"},"_links":{"self":[{"href":"https:\/\/portalv1.com.br\/api\/wp\/v2\/posts\/271590","targetHints":{"allow":["GET"]}}],"collection":[{"href":"https:\/\/portalv1.com.br\/api\/wp\/v2\/posts"}],"about":[{"href":"https:\/\/portalv1.com.br\/api\/wp\/v2\/types\/post"}],"author":[{"embeddable":true,"href":"https:\/\/portalv1.com.br\/api\/wp\/v2\/users\/1"}],"replies":[{"embeddable":true,"href":"https:\/\/portalv1.com.br\/api\/wp\/v2\/comments?post=271590"}],"version-history":[{"count":0,"href":"https:\/\/portalv1.com.br\/api\/wp\/v2\/posts\/271590\/revisions"}],"wp:featuredmedia":[{"embeddable":true,"href":"https:\/\/portalv1.com.br\/api\/wp\/v2\/media\/271592"}],"wp:attachment":[{"href":"https:\/\/portalv1.com.br\/api\/wp\/v2\/media?parent=271590"}],"wp:term":[{"taxonomy":"category","embeddable":true,"href":"https:\/\/portalv1.com.br\/api\/wp\/v2\/categories?post=271590"},{"taxonomy":"post_tag","embeddable":true,"href":"https:\/\/portalv1.com.br\/api\/wp\/v2\/tags?post=271590"}],"curies":[{"name":"wp","href":"https:\/\/api.w.org\/{rel}","templated":true}]}}