{"id":271717,"date":"2026-09-05T13:39:14","date_gmt":"2026-09-05T16:39:14","guid":{"rendered":"https:\/\/portalv1.com.br\/?p=271717"},"modified":"2026-09-05T13:43:38","modified_gmt":"2026-09-05T16:43:38","slug":"morre-anatalia-sampaio-mae-do-vice-governador-themistocles-filho-e-do-ex-deputado-marllos","status":"publish","type":"post","link":"https:\/\/portalv1.com.br\/morre-anatalia-sampaio-mae-do-vice-governador-themistocles-filho-e-do-ex-deputado-marllos\/","title":{"rendered":"Morre Anat\u00e1lia Sampaio, m\u00e3e do vice-governador Them\u00edstocles Filho e do ex-deputado Marllos"},"content":{"rendered":"\n<p class=\"wp-block-paragraph\">Morreu neste s\u00e1bado (5), em Teresina, aos 89 anos, a tabeli\u00e3 Anat\u00e1lia Gon\u00e7alves de Sampaio Pereira, matriarca de uma das fam\u00edlias de maior tradi\u00e7\u00e3o pol\u00edtica do Piau\u00ed. Ela era m\u00e3e do vice-governador do Estado, Them\u00edstocles Filho, e do ex-deputado federal Marllos Sampaio, al\u00e9m de av\u00f3 do deputado federal Marcos Aur\u00e9lio Sampaio e do deputado estadual Felipe Sampaio.<\/p>\n\n\n\n<p class=\"wp-block-paragraph\">A morte de Anat\u00e1lia repercutiu em diferentes setores do Piau\u00ed e foi lamentada por familiares, autoridades e amigos. A fam\u00edlia comunicou o falecimento por meio de uma nota publicada nas redes sociais, na qual se referiu a ela como a matriarca da fam\u00edlia Ribeiro Gon\u00e7alves de Sampaio.<\/p>\n\n\n\n<p class=\"wp-block-paragraph\">Nas redes sociais, o vice-governador Them\u00edstocles Filho prestou uma homenagem \u00e0 m\u00e3e.<\/p>\n\n\n\n<p class=\"wp-block-paragraph\">\u201cMinha m\u00e3e, uma mulher exemplar, bondosa, am\u00e1vel, trabalhadora e dedicada a todos ao seu redor, que deixa um grande legado e uma saudade imensa. Foi um privil\u00e9gio t\u00ea-la ao nosso lado por quase 90 anos. Para sempre em nossos cora\u00e7\u00f5es, para sempre ser\u00e1 lembrada!\u201d<\/p>\n\n\n\n<p class=\"wp-block-paragraph\"><strong>Reuni\u00e3o pol\u00edtica \u00e9 cancelada em Valen\u00e7a<\/strong><\/p>\n\n\n\n<p class=\"wp-block-paragraph\">A morte de Anat\u00e1lia tamb\u00e9m provocou o cancelamento de uma reuni\u00e3o pol\u00edtica que estava marcada para este s\u00e1bado (5), em Valen\u00e7a do Piau\u00ed.<\/p>\n\n\n\n<p class=\"wp-block-paragraph\">O encontro seria realizado na resid\u00eancia do casal Marllos Sampaio e Paula Jeanne, e teria a participa\u00e7\u00e3o do deputado federal Marcos Aur\u00e9lio Sampaio, neto de Anat\u00e1lia.<\/p>\n\n\n\n<p class=\"wp-block-paragraph\">Com a confirma\u00e7\u00e3o da morte, Marllos Sampaio e Paula Jeanne decidiram cancelar a reuni\u00e3o, que dever\u00e1 ser remarcada para outra data.<\/p>\n\n\n\n<p class=\"wp-block-paragraph\"><strong>Trajet\u00f3ria<\/strong><\/p>\n\n\n\n<p class=\"wp-block-paragraph\">Anat\u00e1lia era titular da 3\u00aa Serventia Extrajudicial de Notas, Protesto e Registro de T\u00edtulos e Documentos de Teresina, conhecida como Cart\u00f3rio Them\u00edstocles Sampaio, localizado na Rua Lizandro Nogueira, no Centro da capital.<\/p>\n\n\n\n<p class=\"wp-block-paragraph\">O cart\u00f3rio foi instalado em 1962 e recebeu o nome do marido de Anat\u00e1lia, o ex-deputado federal Them\u00edstocles de Sampaio Pereira, que tamb\u00e9m atuou como not\u00e1rio e morreu em 2013, aos 91 anos.<\/p>\n\n\n\n<p class=\"wp-block-paragraph\">No meio cartor\u00e1rio, Anat\u00e1lia ocupou o cargo de 1\u00aa secret\u00e1ria da diretoria da Associa\u00e7\u00e3o dos Not\u00e1rios e Registradores do Estado do Piau\u00ed (Anoreg-PI). Em 2016, recebeu o Pr\u00eamio Rares-NR, quando o cart\u00f3rio ficou em terceiro lugar com o projeto social \u201cAlegria e Solidariedade\u201d, voltado \u00e0 realiza\u00e7\u00e3o de doa\u00e7\u00f5es para comunidades carentes de Teresina.<\/p>\n\n\n\n<p class=\"wp-block-paragraph\"><strong>Legado familiar<\/strong><\/p>\n\n\n\n<p class=\"wp-block-paragraph\">Al\u00e9m de Them\u00edstocles Filho e Marllos Sampaio, Anat\u00e1lia deixa a filha Fernanda Sampaio, netos e bisnetos. Entre os netos est\u00e3o o deputado federal Marcos Aur\u00e9lio Sampaio, o deputado estadual Felipe Sampaio e a arquiteta La\u00eds Sampaio. A fam\u00edlia tamb\u00e9m tem forte presen\u00e7a na pol\u00edtica municipal, com a prefeita de Esperantina, Ivan\u00e1ria Sampaio, nora de Anat\u00e1lia, assim como a valenciana Paula Jeanne que \u00e9 secret\u00e1ria de Integra\u00e7\u00e3o e Desenvolvimento Regional.<\/p>\n\n\n\n<p class=\"wp-block-paragraph\">O prefeito de Valen\u00e7a Marcelo Costa lamentou nas redes sociais a morte de dona Anat\u00e1lia Sampaio.<\/p>\n\n\n\n<figure class=\"wp-block-image size-large\"><img loading=\"lazy\" decoding=\"async\" width=\"640\" height=\"1138\" src=\"https:\/\/portalv1.com.br\/app\/wp-content\/uploads\/2026\/09\/WhatsApp-Image-2026-09-05-at-13.40.54-640x1138.jpeg\" alt=\"\" class=\"wp-image-271720\" srcset=\"https:\/\/portalv1.com.br\/app\/wp-content\/uploads\/2026\/09\/WhatsApp-Image-2026-09-05-at-13.40.54-640x1138.jpeg 640w, https:\/\/portalv1.com.br\/app\/wp-content\/uploads\/2026\/09\/WhatsApp-Image-2026-09-05-at-13.40.54-300x533.jpeg 300w, https:\/\/portalv1.com.br\/app\/wp-content\/uploads\/2026\/09\/WhatsApp-Image-2026-09-05-at-13.40.54.jpeg 720w\" sizes=\"auto, (max-width: 640px) 100vw, 640px\" \/><\/figure>\n\n\n<figure class=\"wp-block-post-featured-image\"><img loading=\"lazy\" decoding=\"async\" width=\"1440\" height=\"1440\" src=\"https:\/\/portalv1.com.br\/app\/wp-content\/uploads\/2026\/09\/saveclip_app_669450947_18099712238047100_8468003456977950921_n.jpg\" class=\"attachment-post-thumbnail size-post-thumbnail wp-post-image\" alt=\"\" style=\"object-fit:cover;\" srcset=\"https:\/\/portalv1.com.br\/app\/wp-content\/uploads\/2026\/09\/saveclip_app_669450947_18099712238047100_8468003456977950921_n.jpg 1440w, https:\/\/portalv1.com.br\/app\/wp-content\/uploads\/2026\/09\/saveclip_app_669450947_18099712238047100_8468003456977950921_n-300x300.jpg 300w, https:\/\/portalv1.com.br\/app\/wp-content\/uploads\/2026\/09\/saveclip_app_669450947_18099712238047100_8468003456977950921_n-640x640.jpg 640w, https:\/\/portalv1.com.br\/app\/wp-content\/uploads\/2026\/09\/saveclip_app_669450947_18099712238047100_8468003456977950921_n-100x100.jpg 100w, https:\/\/portalv1.com.br\/app\/wp-content\/uploads\/2026\/09\/saveclip_app_669450947_18099712238047100_8468003456977950921_n-768x768.jpg 768w\" sizes=\"auto, (max-width: 1440px) 100vw, 1440px\" \/><\/figure>","protected":false},"excerpt":{"rendered":"<p>Morreu neste s\u00e1bado (5), em Teresina, aos 89 anos, a tabeli\u00e3 Anat\u00e1lia Gon\u00e7alves de Sampaio Pereira, matriarca de uma das fam\u00edlias de maior tradi\u00e7\u00e3o pol\u00edtica do Piau\u00ed. Ela era m\u00e3e&#8230;<\/p>\n","protected":false},"author":1,"featured_media":271718,"comment_status":"open","ping_status":"open","sticky":false,"template":"","format":"standard","meta":{"ngg_post_thumbnail":0,"footnotes":""},"categories":[243],"tags":[],"class_list":["post-271717","post","type-post","status-publish","format-standard","has-post-thumbnail","hentry","category-geral"],"views":257,"meta_data":{"thumb":"https:\/\/portalv1.com.br\/app\/wp-content\/uploads\/2026\/09\/saveclip_app_669450947_18099712238047100_8468003456977950921_n.jpg","imagem":{"fullsize":{"url":"https:\/\/portalv1.com.br\/app\/wp-content\/uploads\/2026\/09\/saveclip_app_669450947_18099712238047100_8468003456977950921_n.jpg","width":1440,"height":1440},"medium":{"url":"https:\/\/portalv1.com.br\/app\/wp-content\/uploads\/2026\/09\/saveclip_app_669450947_18099712238047100_8468003456977950921_n-300x300.jpg","width":300,"height":300},"large":{"url":"https:\/\/portalv1.com.br\/app\/wp-content\/uploads\/2026\/09\/saveclip_app_669450947_18099712238047100_8468003456977950921_n-640x640.jpg","width":640,"height":640},"thumbnail":{"url":"https:\/\/portalv1.com.br\/app\/wp-content\/uploads\/2026\/09\/saveclip_app_669450947_18099712238047100_8468003456977950921_n-100x100.jpg","width":100,"height":100},"medium_large":{"url":"https:\/\/portalv1.com.br\/app\/wp-content\/uploads\/2026\/09\/saveclip_app_669450947_18099712238047100_8468003456977950921_n-768x768.jpg","width":768,"height":768}},"data":{"simple":"05\/09\/2026","date_time":"05\/09\/2026 10:39:14","date":"h\u00e1 18 horas"},"chapeu":"LUTO","source":"slide"},"_links":{"self":[{"href":"https:\/\/portalv1.com.br\/api\/wp\/v2\/posts\/271717","targetHints":{"allow":["GET"]}}],"collection":[{"href":"https:\/\/portalv1.com.br\/api\/wp\/v2\/posts"}],"about":[{"href":"https:\/\/portalv1.com.br\/api\/wp\/v2\/types\/post"}],"author":[{"embeddable":true,"href":"https:\/\/portalv1.com.br\/api\/wp\/v2\/users\/1"}],"replies":[{"embeddable":true,"href":"https:\/\/portalv1.com.br\/api\/wp\/v2\/comments?post=271717"}],"version-history":[{"count":0,"href":"https:\/\/portalv1.com.br\/api\/wp\/v2\/posts\/271717\/revisions"}],"wp:featuredmedia":[{"embeddable":true,"href":"https:\/\/portalv1.com.br\/api\/wp\/v2\/media\/271718"}],"wp:attachment":[{"href":"https:\/\/portalv1.com.br\/api\/wp\/v2\/media?parent=271717"}],"wp:term":[{"taxonomy":"category","embeddable":true,"href":"https:\/\/portalv1.com.br\/api\/wp\/v2\/categories?post=271717"},{"taxonomy":"post_tag","embeddable":true,"href":"https:\/\/portalv1.com.br\/api\/wp\/v2\/tags?post=271717"}],"curies":[{"name":"wp","href":"https:\/\/api.w.org\/{rel}","templated":true}]}}