{"id":27451,"date":"2017-01-29T12:08:54","date_gmt":"2017-01-29T15:08:54","guid":{"rendered":"https:\/\/portalv1.com.br\/?p=27451"},"modified":"2017-01-31T10:59:20","modified_gmt":"2017-01-31T13:59:20","slug":"agentes-de-saude-e-de-endemias-se-reunem-para-definir-calendario-2017","status":"publish","type":"post","link":"https:\/\/portalv1.com.br\/agentes-de-saude-e-de-endemias-se-reunem-para-definir-calendario-2017\/","title":{"rendered":"Agentes de sa\u00fade e de endemias se re\u00fanem para definir calend\u00e1rio 2017"},"content":{"rendered":"<p>A diretoria executiva do Sindicato Estadual dos Agentes Comunit\u00e1rios de Sa\u00fade e de Endemias esteve reunida nesse s\u00e1bado para debater o cronograma de atividades para esse ano de 2017.<\/p>\n<p>Entre as pautas definidas estava a participa\u00e7\u00e3o dos agentes na mobiliza\u00e7\u00e3o que ser\u00e1 feita nos dias 7, 8 e 9 de mar\u00e7o em Bras\u00edlia com objetivo apresar o descongelamento do piso salarial que ficou em torno de R$ 1.313 reais.<\/p>\n<p>O SINDEACS tamb\u00e9m discutiu a participa\u00e7\u00e3o no processo eleitoral de 2018. Pelos entendimentos da diretoria executiva a categoria precisa participar ativamente do processo eleitoral indicando nomes para concorrer ao pleito eleitoral.<\/p>\n<p>Pelos entendimentos foram indicados os nomes do presidente Francisco Oliveira para disputar uma cadeira de deputado federal e do tesoureiro Cruz Castro para disputar uma vaga na Assembleia Legislativa. A reuni\u00e3o aconteceu na Ch\u00e1cara Irm\u00e3os Cleviron na capital piauiense.<\/p>\n<p><a href=\"https:\/\/portalv1.com.br\/app\/wp-content\/uploads\/2017\/01\/IMG_5866.jpg\"><img loading=\"lazy\" decoding=\"async\" class=\"aligncenter size-large wp-image-27452\" src=\"https:\/\/portalv1.com.br\/app\/wp-content\/uploads\/2017\/01\/IMG_5866-640x480.jpg\" alt=\"\" width=\"640\" height=\"480\" srcset=\"https:\/\/portalv1.com.br\/app\/wp-content\/uploads\/2017\/01\/IMG_5866.jpg 640w, https:\/\/portalv1.com.br\/app\/wp-content\/uploads\/2017\/01\/IMG_5866-300x225.jpg 300w\" sizes=\"auto, (max-width: 640px) 100vw, 640px\" \/><\/a> <a href=\"https:\/\/portalv1.com.br\/app\/wp-content\/uploads\/2017\/01\/IMG_5867.jpg\"><img loading=\"lazy\" decoding=\"async\" class=\"aligncenter size-large wp-image-27453\" src=\"https:\/\/portalv1.com.br\/app\/wp-content\/uploads\/2017\/01\/IMG_5867-640x480.jpg\" alt=\"\" width=\"640\" height=\"480\" srcset=\"https:\/\/portalv1.com.br\/app\/wp-content\/uploads\/2017\/01\/IMG_5867.jpg 640w, https:\/\/portalv1.com.br\/app\/wp-content\/uploads\/2017\/01\/IMG_5867-300x225.jpg 300w\" sizes=\"auto, (max-width: 640px) 100vw, 640px\" \/><\/a> <a href=\"https:\/\/portalv1.com.br\/app\/wp-content\/uploads\/2017\/01\/IMG_5868.jpg\"><img loading=\"lazy\" decoding=\"async\" class=\"aligncenter size-large wp-image-27454\" src=\"https:\/\/portalv1.com.br\/app\/wp-content\/uploads\/2017\/01\/IMG_5868-640x480.jpg\" alt=\"\" width=\"640\" height=\"480\" srcset=\"https:\/\/portalv1.com.br\/app\/wp-content\/uploads\/2017\/01\/IMG_5868.jpg 640w, https:\/\/portalv1.com.br\/app\/wp-content\/uploads\/2017\/01\/IMG_5868-300x225.jpg 300w\" sizes=\"auto, (max-width: 640px) 100vw, 640px\" \/><\/a> <a href=\"https:\/\/portalv1.com.br\/app\/wp-content\/uploads\/2017\/01\/IMG_5869.jpg\"><img loading=\"lazy\" decoding=\"async\" class=\"aligncenter size-large wp-image-27455\" src=\"https:\/\/portalv1.com.br\/app\/wp-content\/uploads\/2017\/01\/IMG_5869-640x480.jpg\" alt=\"\" width=\"640\" height=\"480\" srcset=\"https:\/\/portalv1.com.br\/app\/wp-content\/uploads\/2017\/01\/IMG_5869.jpg 640w, https:\/\/portalv1.com.br\/app\/wp-content\/uploads\/2017\/01\/IMG_5869-300x225.jpg 300w\" sizes=\"auto, (max-width: 640px) 100vw, 640px\" \/><\/a><\/p>\n","protected":false},"excerpt":{"rendered":"<p>A diretoria executiva do Sindicato Estadual dos Agentes Comunit\u00e1rios de Sa\u00fade e de Endemias esteve reunida nesse s\u00e1bado para debater o cronograma de atividades para esse ano de 2017. Entre&#8230;<\/p>\n","protected":false},"author":1,"featured_media":27455,"comment_status":"open","ping_status":"open","sticky":false,"template":"","format":"standard","meta":{"ngg_post_thumbnail":0,"footnotes":""},"categories":[12],"tags":[],"class_list":["post-27451","post","type-post","status-publish","format-standard","has-post-thumbnail","hentry","category-valenca-news"],"views":418,"meta_data":{"thumb":"https:\/\/portalv1.com.br\/app\/wp-content\/uploads\/2017\/01\/IMG_5869.jpg","imagem":{"fullsize":{"url":"https:\/\/portalv1.com.br\/app\/wp-content\/uploads\/2017\/01\/IMG_5869.jpg","width":640,"height":480},"thumbnail":{"url":"https:\/\/portalv1.com.br\/app\/wp-content\/uploads\/2017\/01\/IMG_5869-100x100.jpg","width":100,"height":100},"medium":{"url":"https:\/\/portalv1.com.br\/app\/wp-content\/uploads\/2017\/01\/IMG_5869-300x225.jpg","width":300,"height":225},"large":{"url":"https:\/\/portalv1.com.br\/app\/wp-content\/uploads\/2017\/01\/IMG_5869-640x480.jpg","width":640,"height":480}},"data":{"simple":"29\/01\/2017","date_time":"29\/01\/2017 09:08:54","date":"h\u00e1 9 anos"},"chapeu":"Atividades anual ","source":"slide"},"_links":{"self":[{"href":"https:\/\/portalv1.com.br\/api\/wp\/v2\/posts\/27451","targetHints":{"allow":["GET"]}}],"collection":[{"href":"https:\/\/portalv1.com.br\/api\/wp\/v2\/posts"}],"about":[{"href":"https:\/\/portalv1.com.br\/api\/wp\/v2\/types\/post"}],"author":[{"embeddable":true,"href":"https:\/\/portalv1.com.br\/api\/wp\/v2\/users\/1"}],"replies":[{"embeddable":true,"href":"https:\/\/portalv1.com.br\/api\/wp\/v2\/comments?post=27451"}],"version-history":[{"count":0,"href":"https:\/\/portalv1.com.br\/api\/wp\/v2\/posts\/27451\/revisions"}],"wp:featuredmedia":[{"embeddable":true,"href":"https:\/\/portalv1.com.br\/api\/wp\/v2\/media\/27455"}],"wp:attachment":[{"href":"https:\/\/portalv1.com.br\/api\/wp\/v2\/media?parent=27451"}],"wp:term":[{"taxonomy":"category","embeddable":true,"href":"https:\/\/portalv1.com.br\/api\/wp\/v2\/categories?post=27451"},{"taxonomy":"post_tag","embeddable":true,"href":"https:\/\/portalv1.com.br\/api\/wp\/v2\/tags?post=27451"}],"curies":[{"name":"wp","href":"https:\/\/api.w.org\/{rel}","templated":true}]}}