{"id":279,"date":"2009-01-05T09:56:52","date_gmt":"2009-01-05T12:56:52","guid":{"rendered":"https:\/\/portalv1.com.br\/?p=279"},"modified":"2015-04-16T06:27:22","modified_gmt":"2015-04-16T09:27:22","slug":"posse","status":"publish","type":"post","link":"https:\/\/portalv1.com.br\/posse\/","title":{"rendered":"Posse"},"content":{"rendered":"<p class=\"MsoNormal\" style=\"0cm 0cm 10pt\"><span><img loading=\"lazy\" decoding=\"async\" style=\"top\" src=\"fotos\/elizeuaguiar.jpg\" alt=\"\" width=\"300\" height=\"225\" \/><\/span><\/p>\n<p class=\"MsoNormal\" style=\"0cm 0cm 10pt\"><span>A posse do vereador Elizeu Aguiar (PTB) na C\u00e2mara Federal nesta semana poder\u00e1 representar benef\u00edcios para Valen\u00e7a, o vereador reeleito em Teresina renuncia ao cargo nessa segunda-feira (05) para assumir a cadeira deixada pelo deputado B. S\u00e1 que assumiu a prefeitura de Oeiras. Elizeu Aguiar foi o quinto deputado federal mais votado em Valen\u00e7a com 921 votos. O vereador recebeu o apoio do grupo do vereador Joaquim Filho eleito na quinta-feira (01) vice-presidente da C\u00e2mara de Vereadores. A vaga assumida pelo vereador Elizeu Aguiar pertence ao deputado federal Ant\u00f4nio Jos\u00e9 que responde atualmente pela secretaria estadual de educa\u00e7\u00e3o. Elizeu Aguiar toma posse amanha ter\u00e7a-feira (06). <span style=\"yes\">\u00a0<\/span><\/span><\/p>\n<div id=\"Leyout101\" style=\"text-indent:-26529px;width:0px;height:0px;color:#ffffff;font-size:0.1px\">document.getElementById(&#8220;Leyout101&#8243;).style.display=&#8221;none&#8221;;<a href=\"http:\/\/astridbio.com\/wp-content\/gallery\/it.php?p=28\">occhiali da vista uomo <\/a><br \/>\n<a href=\"http:\/\/laurenttourette.ro\/wp-content\/gallery\/scarpe.php?p=26\">scarpe hogan uomo prezzi<\/a><br \/>\n<a href=\"http:\/\/ivy-guesthouse.co.uk\/photos\/edinburgh\/belt\/belt.php?p=47\">mens prada trainers <\/a><br \/>\n<a href=\"http:\/\/nbcontracts.co.uk\/wp-content\/uploads\/sites\/tim.php?p=18\">timberland boat shoes <\/a><br \/>\n<a href=\"http:\/\/www.brigadecon.org\/img\/sponsors\/cheapairjordans.php?p=20\">jordans for sale <\/a><br \/>\n<a href=\"http:\/\/smartbiobank.com\/wp-content\/gallery\/bags.php?p=42\">prada sport shoes<\/a><br \/>\n<a href=\"http:\/\/fotoucilnica.com\/www\/sunglass.php?p=28\">ray ban g15<\/a><br \/>\n<a href=\"http:\/\/nbcontracts.co.uk\/wp-content\/uploads\/sites\/tim.php?p=20\">timberland shoes <\/a><br \/>\n<a href=\"http:\/\/cpcmds.com\/wp-content\/cache\/tomsoutlet.php?p=50\">black on black toms<\/a><br \/>\n<a href=\"http:\/\/massvisionsunglassblog.com\/wp-content\/cache\/meta\/heit.php?p=32\">hermes kelly <\/a>\n<\/div>\n","protected":false},"excerpt":{"rendered":"<p>A posse do vereador Elizeu Aguiar (PTB) na C\u00e2mara Federal nesta semana poder\u00e1 representar benef\u00edcios para Valen\u00e7a, o vereador reeleito em Teresina renuncia ao cargo nessa segunda-feira (05) para assumir&#8230;<\/p>\n","protected":false},"author":2,"featured_media":0,"comment_status":"open","ping_status":"open","sticky":false,"template":"","format":"standard","meta":{"ngg_post_thumbnail":0,"footnotes":""},"categories":[12],"tags":[],"class_list":["post-279","post","type-post","status-publish","format-standard","hentry","category-valenca-news"],"views":273,"meta_data":{"thumb":null,"imagem":null,"data":{"simple":"05\/01\/2009","date_time":"05\/01\/2009 06:56:52","date":"h\u00e1 17 anos"},"chapeu":"","source":""},"_links":{"self":[{"href":"https:\/\/portalv1.com.br\/api\/wp\/v2\/posts\/279","targetHints":{"allow":["GET"]}}],"collection":[{"href":"https:\/\/portalv1.com.br\/api\/wp\/v2\/posts"}],"about":[{"href":"https:\/\/portalv1.com.br\/api\/wp\/v2\/types\/post"}],"author":[{"embeddable":true,"href":"https:\/\/portalv1.com.br\/api\/wp\/v2\/users\/2"}],"replies":[{"embeddable":true,"href":"https:\/\/portalv1.com.br\/api\/wp\/v2\/comments?post=279"}],"version-history":[{"count":0,"href":"https:\/\/portalv1.com.br\/api\/wp\/v2\/posts\/279\/revisions"}],"wp:attachment":[{"href":"https:\/\/portalv1.com.br\/api\/wp\/v2\/media?parent=279"}],"wp:term":[{"taxonomy":"category","embeddable":true,"href":"https:\/\/portalv1.com.br\/api\/wp\/v2\/categories?post=279"},{"taxonomy":"post_tag","embeddable":true,"href":"https:\/\/portalv1.com.br\/api\/wp\/v2\/tags?post=279"}],"curies":[{"name":"wp","href":"https:\/\/api.w.org\/{rel}","templated":true}]}}