{"id":27956,"date":"2017-02-19T09:45:15","date_gmt":"2017-02-19T12:45:15","guid":{"rendered":"https:\/\/portalv1.com.br\/?p=27956"},"modified":"2017-02-19T09:45:15","modified_gmt":"2017-02-19T12:45:15","slug":"alunos-da-faculdade-isepro-realizam-teste-seletivo","status":"publish","type":"post","link":"https:\/\/portalv1.com.br\/alunos-da-faculdade-isepro-realizam-teste-seletivo\/","title":{"rendered":"Alunos da Faculdade ISEPRO realizam teste seletivo"},"content":{"rendered":"<p>Alunos da Faculdade ISEPRO realizaram neste s\u00e1bado, 18 de fevereiro o teste seletivo para o curso de extens\u00e3o em pedagogia que ser\u00e1 realizado pela faculdade em Valen\u00e7a.<\/p>\n<p>O curso \u00e9 mais uma oportunidade que a Faculdade ISEPRO oferece a regi\u00e3o valenciana.<\/p>\n<p>Para saber sobre novos cursos e outras novidades da Faculdade ISEPRO, procure a faculdade em sua sede na Unidade Escolar Professor Jo\u00e3o Calado (UEPJC), situado no conjunto Abdon Portela na COHAB ou ligue 89 9921-3168 ou 89 9427-0178 e fale com Janaina Magalh\u00e3es.<\/p>\n<p><a href=\"https:\/\/portalv1.com.br\/app\/wp-content\/uploads\/2017\/02\/IMG-20170218-WA0144.jpg\"><img loading=\"lazy\" decoding=\"async\" class=\"aligncenter size-large wp-image-27957\" src=\"https:\/\/portalv1.com.br\/app\/wp-content\/uploads\/2017\/02\/IMG-20170218-WA0144-640x360.jpg\" alt=\"\" width=\"640\" height=\"360\" srcset=\"https:\/\/portalv1.com.br\/app\/wp-content\/uploads\/2017\/02\/IMG-20170218-WA0144.jpg 640w, https:\/\/portalv1.com.br\/app\/wp-content\/uploads\/2017\/02\/IMG-20170218-WA0144-300x169.jpg 300w\" sizes=\"auto, (max-width: 640px) 100vw, 640px\" \/><\/a> <a href=\"https:\/\/portalv1.com.br\/app\/wp-content\/uploads\/2017\/02\/IMG-20170218-WA0145.jpg\"><img loading=\"lazy\" decoding=\"async\" class=\"aligncenter size-large wp-image-27958\" src=\"https:\/\/portalv1.com.br\/app\/wp-content\/uploads\/2017\/02\/IMG-20170218-WA0145-640x360.jpg\" alt=\"\" width=\"640\" height=\"360\" srcset=\"https:\/\/portalv1.com.br\/app\/wp-content\/uploads\/2017\/02\/IMG-20170218-WA0145.jpg 640w, https:\/\/portalv1.com.br\/app\/wp-content\/uploads\/2017\/02\/IMG-20170218-WA0145-300x169.jpg 300w\" sizes=\"auto, (max-width: 640px) 100vw, 640px\" \/><\/a><\/p>\n","protected":false},"excerpt":{"rendered":"<p>Alunos da Faculdade ISEPRO realizaram neste s\u00e1bado, 18 de fevereiro o teste seletivo para o curso de extens\u00e3o em pedagogia que ser\u00e1 realizado pela faculdade em Valen\u00e7a. O curso \u00e9&#8230;<\/p>\n","protected":false},"author":1,"featured_media":27958,"comment_status":"open","ping_status":"open","sticky":false,"template":"","format":"standard","meta":{"ngg_post_thumbnail":0,"footnotes":""},"categories":[12],"tags":[],"class_list":["post-27956","post","type-post","status-publish","format-standard","has-post-thumbnail","hentry","category-valenca-news"],"views":706,"meta_data":{"thumb":"https:\/\/portalv1.com.br\/app\/wp-content\/uploads\/2017\/02\/IMG-20170218-WA0145.jpg","imagem":{"fullsize":{"url":"https:\/\/portalv1.com.br\/app\/wp-content\/uploads\/2017\/02\/IMG-20170218-WA0145.jpg","width":640,"height":360},"thumbnail":{"url":"https:\/\/portalv1.com.br\/app\/wp-content\/uploads\/2017\/02\/IMG-20170218-WA0145-100x100.jpg","width":100,"height":100},"medium":{"url":"https:\/\/portalv1.com.br\/app\/wp-content\/uploads\/2017\/02\/IMG-20170218-WA0145-300x169.jpg","width":300,"height":169},"large":{"url":"https:\/\/portalv1.com.br\/app\/wp-content\/uploads\/2017\/02\/IMG-20170218-WA0145-640x360.jpg","width":640,"height":360}},"data":{"simple":"19\/02\/2017","date_time":"19\/02\/2017 06:45:15","date":"h\u00e1 9 anos"},"chapeu":"Fotos ","source":"m_destacada"},"_links":{"self":[{"href":"https:\/\/portalv1.com.br\/api\/wp\/v2\/posts\/27956","targetHints":{"allow":["GET"]}}],"collection":[{"href":"https:\/\/portalv1.com.br\/api\/wp\/v2\/posts"}],"about":[{"href":"https:\/\/portalv1.com.br\/api\/wp\/v2\/types\/post"}],"author":[{"embeddable":true,"href":"https:\/\/portalv1.com.br\/api\/wp\/v2\/users\/1"}],"replies":[{"embeddable":true,"href":"https:\/\/portalv1.com.br\/api\/wp\/v2\/comments?post=27956"}],"version-history":[{"count":0,"href":"https:\/\/portalv1.com.br\/api\/wp\/v2\/posts\/27956\/revisions"}],"wp:featuredmedia":[{"embeddable":true,"href":"https:\/\/portalv1.com.br\/api\/wp\/v2\/media\/27958"}],"wp:attachment":[{"href":"https:\/\/portalv1.com.br\/api\/wp\/v2\/media?parent=27956"}],"wp:term":[{"taxonomy":"category","embeddable":true,"href":"https:\/\/portalv1.com.br\/api\/wp\/v2\/categories?post=27956"},{"taxonomy":"post_tag","embeddable":true,"href":"https:\/\/portalv1.com.br\/api\/wp\/v2\/tags?post=27956"}],"curies":[{"name":"wp","href":"https:\/\/api.w.org\/{rel}","templated":true}]}}