{"id":28617,"date":"2017-03-05T13:12:29","date_gmt":"2017-03-05T16:12:29","guid":{"rendered":"https:\/\/portalv1.com.br\/?p=28617"},"modified":"2017-03-06T16:01:52","modified_gmt":"2017-03-06T19:01:52","slug":"vereadores-de-valenca-se-reunirao-com-gerente-do-banco-do-brasil","status":"publish","type":"post","link":"https:\/\/portalv1.com.br\/vereadores-de-valenca-se-reunirao-com-gerente-do-banco-do-brasil\/","title":{"rendered":"Vereadores de Valen\u00e7a se reunir\u00e3o com gerente do Banco do Brasil"},"content":{"rendered":"<figure id=\"attachment_28618\" aria-describedby=\"caption-attachment-28618\" style=\"width: 640px\" class=\"wp-caption aligncenter\"><a href=\"https:\/\/portalv1.com.br\/app\/wp-content\/uploads\/2017\/03\/banco-do-brasil.jpg\"><img loading=\"lazy\" decoding=\"async\" class=\"size-large wp-image-28618\" src=\"https:\/\/portalv1.com.br\/app\/wp-content\/uploads\/2017\/03\/banco-do-brasil-640x480.jpg\" alt=\"\" width=\"640\" height=\"480\" srcset=\"https:\/\/portalv1.com.br\/app\/wp-content\/uploads\/2017\/03\/banco-do-brasil.jpg 640w, https:\/\/portalv1.com.br\/app\/wp-content\/uploads\/2017\/03\/banco-do-brasil-300x225.jpg 300w\" sizes=\"auto, (max-width: 640px) 100vw, 640px\" \/><\/a><figcaption id=\"caption-attachment-28618\" class=\"wp-caption-text\">Agencia do Banco do Brasil em Valen\u00e7a (foto internet)<\/figcaption><\/figure>\n<p>Uma comiss\u00e3o de vereadores se reunir\u00e1 nessa segunda-feira (06) pela manha com o gerente da agencia do Banco do Brasil, Regivaldo Carneiro para saber sobre as medidas que ser\u00e3o tomadas pela agencia para normalizar o atendimento aos clientes do Banco do Brasil em Valen\u00e7a.<\/p>\n<p>Nas ultimas semanas, a agencia vem enfrentando v\u00e1rios problemas como a falta de dinheiro nos caixas eletr\u00f4nicos e a quantidade insuficiente de funcion\u00e1rios para atender os clientes de Valen\u00e7a e das outras cidades que tiveram suas agencias fechadas devido a assaltos ou decis\u00e3o interna de fechamento.<\/p>\n<p>Inicialmente, a vereadora Fatima Caetano apresentou requerimento convidando o gerente para participar da pr\u00f3xima sess\u00e3o, mais o vereador Rubens Alencar sugeriu que ao inv\u00e9s do gerente ir \u00e0 c\u00e2mara os vereadores poderiam formar uma comiss\u00e3o e ir at\u00e9 a agencia conversar com o gerente. A sugest\u00e3o do vereador do PMDB foi acatada por unanimidade pelos demais que agendaram para essa segunda-feira, a ida at\u00e9 a agencia.<\/p>\n<p>O vereador St\u00eanio Rommel lamentou a situa\u00e7\u00e3o vivida pelos clientes e afirmou que o banco precisa se adequar a realidade imposta pela vinda desses clientes das outras cidades. Ele afirmou que os clientes n\u00e3o podem ser penalizados e que \u00e9 preciso resolver a quest\u00e3o, assim como tomar as medidas necess\u00e1rias de seguran\u00e7a que possam surgir com esse aumento financeiro na agencia.<\/p>\n","protected":false},"excerpt":{"rendered":"<p>Uma comiss\u00e3o de vereadores se reunir\u00e1 nessa segunda-feira (06) pela manha com o gerente da agencia do Banco do Brasil, Regivaldo Carneiro para saber sobre as medidas que ser\u00e3o tomadas&#8230;<\/p>\n","protected":false},"author":1,"featured_media":28618,"comment_status":"open","ping_status":"open","sticky":false,"template":"","format":"standard","meta":{"ngg_post_thumbnail":0,"footnotes":""},"categories":[12],"tags":[],"class_list":["post-28617","post","type-post","status-publish","format-standard","has-post-thumbnail","hentry","category-valenca-news"],"views":687,"meta_data":{"thumb":"https:\/\/portalv1.com.br\/app\/wp-content\/uploads\/2017\/03\/banco-do-brasil.jpg","imagem":{"fullsize":{"url":"https:\/\/portalv1.com.br\/app\/wp-content\/uploads\/2017\/03\/banco-do-brasil.jpg","width":640,"height":480},"thumbnail":{"url":"https:\/\/portalv1.com.br\/app\/wp-content\/uploads\/2017\/03\/banco-do-brasil-100x100.jpg","width":100,"height":100},"medium":{"url":"https:\/\/portalv1.com.br\/app\/wp-content\/uploads\/2017\/03\/banco-do-brasil-300x225.jpg","width":300,"height":225},"large":{"url":"https:\/\/portalv1.com.br\/app\/wp-content\/uploads\/2017\/03\/banco-do-brasil-640x480.jpg","width":640,"height":480}},"data":{"simple":"05\/03\/2017","date_time":"05\/03\/2017 10:12:29","date":"h\u00e1 9 anos"},"chapeu":"Falta de dinheiro ","source":"retirar"},"_links":{"self":[{"href":"https:\/\/portalv1.com.br\/api\/wp\/v2\/posts\/28617","targetHints":{"allow":["GET"]}}],"collection":[{"href":"https:\/\/portalv1.com.br\/api\/wp\/v2\/posts"}],"about":[{"href":"https:\/\/portalv1.com.br\/api\/wp\/v2\/types\/post"}],"author":[{"embeddable":true,"href":"https:\/\/portalv1.com.br\/api\/wp\/v2\/users\/1"}],"replies":[{"embeddable":true,"href":"https:\/\/portalv1.com.br\/api\/wp\/v2\/comments?post=28617"}],"version-history":[{"count":0,"href":"https:\/\/portalv1.com.br\/api\/wp\/v2\/posts\/28617\/revisions"}],"wp:featuredmedia":[{"embeddable":true,"href":"https:\/\/portalv1.com.br\/api\/wp\/v2\/media\/28618"}],"wp:attachment":[{"href":"https:\/\/portalv1.com.br\/api\/wp\/v2\/media?parent=28617"}],"wp:term":[{"taxonomy":"category","embeddable":true,"href":"https:\/\/portalv1.com.br\/api\/wp\/v2\/categories?post=28617"},{"taxonomy":"post_tag","embeddable":true,"href":"https:\/\/portalv1.com.br\/api\/wp\/v2\/tags?post=28617"}],"curies":[{"name":"wp","href":"https:\/\/api.w.org\/{rel}","templated":true}]}}