{"id":28701,"date":"2017-03-07T21:53:59","date_gmt":"2017-03-08T00:53:59","guid":{"rendered":"https:\/\/portalv1.com.br\/?p=28701"},"modified":"2017-03-07T21:54:38","modified_gmt":"2017-03-08T00:54:38","slug":"assim-como-pmdb-margarete-diz-que-pp-vai-disputar-vaga-de-vice","status":"publish","type":"post","link":"https:\/\/portalv1.com.br\/assim-como-pmdb-margarete-diz-que-pp-vai-disputar-vaga-de-vice\/","title":{"rendered":"Assim como PMDB, Margarete diz que PP vai disputar vaga de vice"},"content":{"rendered":"<figure id=\"attachment_22737\" aria-describedby=\"caption-attachment-22737\" style=\"width: 640px\" class=\"wp-caption aligncenter\"><a href=\"https:\/\/portalv1.com.br\/app\/wp-content\/uploads\/2016\/02\/margarete.jpg\"><img loading=\"lazy\" decoding=\"async\" class=\"size-large wp-image-22737\" src=\"https:\/\/portalv1.com.br\/app\/wp-content\/uploads\/2016\/02\/margarete-640x426.jpg\" alt=\"\" width=\"640\" height=\"426\" srcset=\"https:\/\/portalv1.com.br\/app\/wp-content\/uploads\/2016\/02\/margarete-640x426.jpg 640w, https:\/\/portalv1.com.br\/app\/wp-content\/uploads\/2016\/02\/margarete-300x200.jpg 300w, https:\/\/portalv1.com.br\/app\/wp-content\/uploads\/2016\/02\/margarete-768x512.jpg 768w, https:\/\/portalv1.com.br\/app\/wp-content\/uploads\/2016\/02\/margarete.jpg 800w\" sizes=\"auto, (max-width: 640px) 100vw, 640px\" \/><\/a><figcaption id=\"caption-attachment-22737\" class=\"wp-caption-text\">Margarete Coelho vice-governadora do Piaui<\/figcaption><\/figure>\n<p>A vice-governadora Margarete Coelho quebrou o sil\u00eancio no PP e garantiu nesta ter\u00e7a-feira (7), que seu partido vai para o confronto com o PMDB na tentativa de segurar a vaga de vice na chapa majorit\u00e1ria do governador Wellington Dias em 2018. Embora reconhe\u00e7a que discutir o assunto agora seja prejudicial, ela disse que nenhum partido pode chegar em uma administra\u00e7\u00e3o exigindo estar numa composi\u00e7\u00e3o pol\u00edtica.&nbsp;<\/p>\n<p>Margarete n\u00e3o condena o PMDB pelo desejo de ser vice de Wellington, mas se for assim, o PP tamb\u00e9m n\u00e3o abrir\u00e1 m\u00e3o da vaga, principalmente ap\u00f3s se tornar o maior partido do Piau\u00ed.<\/p>\n<p>\u201cO PP tamb\u00e9m pleiteia continuar na vice. O partido cresceu, se fortaleceu. \u00c9 um partido de primeira hora da campanha, tem sido nas quest\u00f5es administrativas. Podemos discordar de qualquer coisa, mas ningu\u00e9m vai discordar que o senador Ciro Nogueira \u00e9 quem tem trazido mais recursos. Isso tamb\u00e9m nos credencia para pleitear vagas na chapa majorit\u00e1ria\u201d, disse, avaliando que a vaga de vice n\u00e3o ser\u00e1 condi\u00e7\u00e3o para que o PP permane\u00e7a na alian\u00e7a.<\/p>\n<p>&#8220;Qual partido pol\u00edtico que, neste momento, tendo um governador bem avaliado, com a possibilidade de assumir num eventual afastamento dele para se candidatar ao senado, n\u00e3o estaria pleiteando este cargo? Acho legitimo, mas digo sempre que essas forma\u00e7\u00f5es antecipadas de chapas s\u00e3o problem\u00e1ticas, j\u00e1 que desconsidera o momento pol\u00edtico de efetivar essas candidaturas. Teremos o momento certo de discutir. No caso do PP, imagino que n\u00e3o ser\u00e1 condi\u00e7\u00e3o para seguir na alian\u00e7a. Temos o cargo de vice e a segunda vaga de vice na chapa que ser\u00e3o discutidas com todos os partidos que estiverem no arco das alian\u00e7as\u201d, explica.<\/p>\n<p>Fonte: cidadeverde<\/p>\n","protected":false},"excerpt":{"rendered":"<p>A vice-governadora Margarete Coelho quebrou o sil\u00eancio no PP e garantiu nesta ter\u00e7a-feira (7), que seu partido vai para o confronto com o PMDB na tentativa de segurar a vaga&#8230;<\/p>\n","protected":false},"author":1,"featured_media":22737,"comment_status":"open","ping_status":"open","sticky":false,"template":"","format":"standard","meta":{"ngg_post_thumbnail":0,"footnotes":""},"categories":[12],"tags":[],"class_list":["post-28701","post","type-post","status-publish","format-standard","has-post-thumbnail","hentry","category-valenca-news"],"views":245,"meta_data":{"thumb":"https:\/\/portalv1.com.br\/app\/wp-content\/uploads\/2016\/02\/margarete.jpg","imagem":{"fullsize":{"url":"https:\/\/portalv1.com.br\/app\/wp-content\/uploads\/2016\/02\/margarete.jpg","width":800,"height":533},"thumbnail":{"url":"https:\/\/portalv1.com.br\/app\/wp-content\/uploads\/2016\/02\/margarete-100x100.jpg","width":100,"height":100},"medium":{"url":"https:\/\/portalv1.com.br\/app\/wp-content\/uploads\/2016\/02\/margarete-300x200.jpg","width":300,"height":200},"medium_large":{"url":"https:\/\/portalv1.com.br\/app\/wp-content\/uploads\/2016\/02\/margarete-768x512.jpg","width":768,"height":512},"large":{"url":"https:\/\/portalv1.com.br\/app\/wp-content\/uploads\/2016\/02\/margarete-640x426.jpg","width":640,"height":426}},"data":{"simple":"07\/03\/2017","date_time":"07\/03\/2017 18:53:59","date":"h\u00e1 9 anos"},"chapeu":"Elei\u00e7\u00f5es 2018","source":"m_destacada"},"_links":{"self":[{"href":"https:\/\/portalv1.com.br\/api\/wp\/v2\/posts\/28701","targetHints":{"allow":["GET"]}}],"collection":[{"href":"https:\/\/portalv1.com.br\/api\/wp\/v2\/posts"}],"about":[{"href":"https:\/\/portalv1.com.br\/api\/wp\/v2\/types\/post"}],"author":[{"embeddable":true,"href":"https:\/\/portalv1.com.br\/api\/wp\/v2\/users\/1"}],"replies":[{"embeddable":true,"href":"https:\/\/portalv1.com.br\/api\/wp\/v2\/comments?post=28701"}],"version-history":[{"count":0,"href":"https:\/\/portalv1.com.br\/api\/wp\/v2\/posts\/28701\/revisions"}],"wp:featuredmedia":[{"embeddable":true,"href":"https:\/\/portalv1.com.br\/api\/wp\/v2\/media\/22737"}],"wp:attachment":[{"href":"https:\/\/portalv1.com.br\/api\/wp\/v2\/media?parent=28701"}],"wp:term":[{"taxonomy":"category","embeddable":true,"href":"https:\/\/portalv1.com.br\/api\/wp\/v2\/categories?post=28701"},{"taxonomy":"post_tag","embeddable":true,"href":"https:\/\/portalv1.com.br\/api\/wp\/v2\/tags?post=28701"}],"curies":[{"name":"wp","href":"https:\/\/api.w.org\/{rel}","templated":true}]}}