{"id":28806,"date":"2017-03-09T16:19:02","date_gmt":"2017-03-09T19:19:02","guid":{"rendered":"https:\/\/portalv1.com.br\/?p=28806"},"modified":"2017-03-12T10:24:21","modified_gmt":"2017-03-12T13:24:21","slug":"pimenteiras-e-sao-miguel-preparam-manifestacao-por-asfalto-da-pi-120","status":"publish","type":"post","link":"https:\/\/portalv1.com.br\/pimenteiras-e-sao-miguel-preparam-manifestacao-por-asfalto-da-pi-120\/","title":{"rendered":"Pimenteiras e S\u00e3o Miguel preparam manifesta\u00e7\u00e3o por asfalto da PI 120"},"content":{"rendered":"<figure id=\"attachment_28807\" aria-describedby=\"caption-attachment-28807\" style=\"width: 640px\" class=\"wp-caption aligncenter\"><a href=\"https:\/\/portalv1.com.br\/app\/wp-content\/uploads\/2017\/03\/dsc_0494.jpg\"><img loading=\"lazy\" decoding=\"async\" class=\"size-large wp-image-28807\" src=\"https:\/\/portalv1.com.br\/app\/wp-content\/uploads\/2017\/03\/dsc_0494-640x427.jpg\" alt=\"\" width=\"640\" height=\"427\" srcset=\"https:\/\/portalv1.com.br\/app\/wp-content\/uploads\/2017\/03\/dsc_0494.jpg 640w, https:\/\/portalv1.com.br\/app\/wp-content\/uploads\/2017\/03\/dsc_0494-300x200.jpg 300w\" sizes=\"auto, (max-width: 640px) 100vw, 640px\" \/><\/a><figcaption id=\"caption-attachment-28807\" class=\"wp-caption-text\">Vereador Reinaldo Paiva<\/figcaption><\/figure>\n<p>Autoridades e populares de Pimenteiras e de S\u00e3o Miguel do Tapuio estiveram reunidos no ultimo domingo (5) na localidade Brejo da On\u00e7a para discutir uma agenda de manifesta\u00e7\u00e3o em favor da pavimenta\u00e7\u00e3o asf\u00e1ltica da PI 120 que liga as duas cidades, num trecho de aproximadamente 90 km.<\/p>\n<p>Participaram da reuni\u00e3o o vereador de Pimenteiras, Reinaldo Paiva, vice-prefeito de S\u00e3o Miguel do Tapuio, Miguel Vieira e os vereadores Paiva J\u00fanior, Helder Isaias, Juscileia Soares e Clodomar Mineiro.<\/p>\n<p>De acordo com Reinaldo Paiva, entre as decis\u00f5es tomadas na reuni\u00e3o ficou acertada a realiza\u00e7\u00e3o as 17h de uma carreata e ato publico na cidade de S\u00e3o Miguel do Tapuio no dia 1\u00ba de abril, quando se comemora o \u201cDia da Mentira\u201d.<\/p>\n<p>\u201cA data foi escolhida para mostrar que j\u00e1 foram feitas varias promessas (mentiras) a respeito da pavimenta\u00e7\u00e3o da estrada pelos governos que nunca sa\u00edram do papel\u201d justificou Reinaldo Paiva. O vereador pimenteirense disse ainda que a estrada se pavimentada mudar\u00e1 a realidade entre as duas cidades. \u201c\u00c9 muito importante, pois vai trazer desenvolvimento para as cidades devido ao trafego de ve\u00edculos e de pessoas\u201d disse o parlamentar que afirmou que o projeto conta com o total apoio do prefeito Venicio do \u00d3.&nbsp;<\/p>\n<p>O vice-prefeito disse que depois de muitos anos lutando pela obra agora acredita que ela vai sair devido \u00e0 vontade do povo. \u201cEu acredito que essa obra agora ser\u00e1 feita, porque o povo tomou a frente e quando o povo quer, a coisa anda\u201d, afirmou Miguel Vieira.<\/p>\n","protected":false},"excerpt":{"rendered":"<p>Autoridades e populares de Pimenteiras e de S\u00e3o Miguel do Tapuio estiveram reunidos no ultimo domingo (5) na localidade Brejo da On\u00e7a para discutir uma agenda de manifesta\u00e7\u00e3o em favor&#8230;<\/p>\n","protected":false},"author":1,"featured_media":28807,"comment_status":"open","ping_status":"open","sticky":false,"template":"","format":"standard","meta":{"ngg_post_thumbnail":0,"footnotes":""},"categories":[243,12],"tags":[],"class_list":["post-28806","post","type-post","status-publish","format-standard","has-post-thumbnail","hentry","category-geral","category-valenca-news"],"views":1267,"meta_data":{"thumb":"https:\/\/portalv1.com.br\/app\/wp-content\/uploads\/2017\/03\/dsc_0494.jpg","imagem":{"fullsize":{"url":"https:\/\/portalv1.com.br\/app\/wp-content\/uploads\/2017\/03\/dsc_0494.jpg","width":640,"height":427},"thumbnail":{"url":"https:\/\/portalv1.com.br\/app\/wp-content\/uploads\/2017\/03\/dsc_0494-100x100.jpg","width":100,"height":100},"medium":{"url":"https:\/\/portalv1.com.br\/app\/wp-content\/uploads\/2017\/03\/dsc_0494-300x200.jpg","width":300,"height":200},"large":{"url":"https:\/\/portalv1.com.br\/app\/wp-content\/uploads\/2017\/03\/dsc_0494-640x427.jpg","width":640,"height":427}},"data":{"simple":"09\/03\/2017","date_time":"09\/03\/2017 13:19:02","date":"h\u00e1 9 anos"},"chapeu":"Dia da Mentira ","source":"retirar"},"_links":{"self":[{"href":"https:\/\/portalv1.com.br\/api\/wp\/v2\/posts\/28806","targetHints":{"allow":["GET"]}}],"collection":[{"href":"https:\/\/portalv1.com.br\/api\/wp\/v2\/posts"}],"about":[{"href":"https:\/\/portalv1.com.br\/api\/wp\/v2\/types\/post"}],"author":[{"embeddable":true,"href":"https:\/\/portalv1.com.br\/api\/wp\/v2\/users\/1"}],"replies":[{"embeddable":true,"href":"https:\/\/portalv1.com.br\/api\/wp\/v2\/comments?post=28806"}],"version-history":[{"count":0,"href":"https:\/\/portalv1.com.br\/api\/wp\/v2\/posts\/28806\/revisions"}],"wp:featuredmedia":[{"embeddable":true,"href":"https:\/\/portalv1.com.br\/api\/wp\/v2\/media\/28807"}],"wp:attachment":[{"href":"https:\/\/portalv1.com.br\/api\/wp\/v2\/media?parent=28806"}],"wp:term":[{"taxonomy":"category","embeddable":true,"href":"https:\/\/portalv1.com.br\/api\/wp\/v2\/categories?post=28806"},{"taxonomy":"post_tag","embeddable":true,"href":"https:\/\/portalv1.com.br\/api\/wp\/v2\/tags?post=28806"}],"curies":[{"name":"wp","href":"https:\/\/api.w.org\/{rel}","templated":true}]}}