{"id":2906,"date":"2010-02-25T23:30:44","date_gmt":"2010-02-26T02:30:44","guid":{"rendered":"https:\/\/portalv1.com.br\/?p=2906"},"modified":"2010-02-25T23:30:44","modified_gmt":"2010-02-26T02:30:44","slug":"lei-organica-de-valenca-sera-atualizada","status":"publish","type":"post","link":"https:\/\/portalv1.com.br\/lei-organica-de-valenca-sera-atualizada\/","title":{"rendered":"Lei Org\u00e2nica de Valen\u00e7a ser\u00e1 atualizada."},"content":{"rendered":"<figure id=\"attachment_2907\" aria-describedby=\"caption-attachment-2907\" style=\"width: 300px\" class=\"wp-caption alignright\"><a href=\"https:\/\/portalv1.com.br\/app\/wp-content\/uploads\/2010\/02\/walisgilmar.jpg\"><img loading=\"lazy\" decoding=\"async\" class=\"size-full wp-image-2907\" title=\"walisgilmar\" src=\"https:\/\/portalv1.com.br\/app\/wp-content\/uploads\/2010\/02\/walisgilmar.jpg\" alt=\"Wallyson Soares e o presidente Gilmar Barbosa\" width=\"300\" height=\"183\" \/><\/a><figcaption id=\"caption-attachment-2907\" class=\"wp-caption-text\">Wallyson Soares e o presidente Gilmar Barbosa<\/figcaption><\/figure>\n<p>Nesta sexta-feira (26), \u00e0s 09h ser\u00e1 realizado na C\u00e2mara de Vereadores uma palestra com o ex-vereador Wallyson Soares que ir\u00e1 falar sobre a atualiza\u00e7\u00e3o da Lei Org\u00e2nica Municipal (LOM) que rege as normas maiores de nossa cidade.<\/p>\n<p>O ex-vereador ser\u00e1 um dos respons\u00e1veis pela atualiza\u00e7\u00e3o da Lei Org\u00e2nica de Valen\u00e7a que come\u00e7ar\u00e1 nos pr\u00f3ximos dias.<\/p>\n<p>O objetivo \u00e9 eliminar as leis ultrapassadas e adequar a Lei Org\u00e2nica as Constitui\u00e7\u00f5es do Piau\u00ed e a do Brasil.<\/p>\n","protected":false},"excerpt":{"rendered":"<p>Nesta sexta-feira (26), \u00e0s 09h ser\u00e1 realizado na C\u00e2mara de Vereadores uma palestra com o ex-vereador Wallyson Soares que ir\u00e1 falar sobre a atualiza\u00e7\u00e3o da Lei Org\u00e2nica Municipal (LOM) que&#8230;<\/p>\n","protected":false},"author":1,"featured_media":0,"comment_status":"open","ping_status":"open","sticky":false,"template":"","format":"standard","meta":{"ngg_post_thumbnail":0,"footnotes":""},"categories":[12],"tags":[],"class_list":["post-2906","post","type-post","status-publish","format-standard","hentry","category-valenca-news"],"views":628,"meta_data":{"thumb":"https:\/\/portalv1.com.br\/app\/wp-content\/uploads\/2010\/02\/walisgilmar.jpg","data":{"simple":"25\/02\/2010","date_time":"25\/02\/2010 20:30:44","date":"h\u00e1 16 anos"},"chapeu":"","source":""},"_links":{"self":[{"href":"https:\/\/portalv1.com.br\/api\/wp\/v2\/posts\/2906","targetHints":{"allow":["GET"]}}],"collection":[{"href":"https:\/\/portalv1.com.br\/api\/wp\/v2\/posts"}],"about":[{"href":"https:\/\/portalv1.com.br\/api\/wp\/v2\/types\/post"}],"author":[{"embeddable":true,"href":"https:\/\/portalv1.com.br\/api\/wp\/v2\/users\/1"}],"replies":[{"embeddable":true,"href":"https:\/\/portalv1.com.br\/api\/wp\/v2\/comments?post=2906"}],"version-history":[{"count":0,"href":"https:\/\/portalv1.com.br\/api\/wp\/v2\/posts\/2906\/revisions"}],"wp:attachment":[{"href":"https:\/\/portalv1.com.br\/api\/wp\/v2\/media?parent=2906"}],"wp:term":[{"taxonomy":"category","embeddable":true,"href":"https:\/\/portalv1.com.br\/api\/wp\/v2\/categories?post=2906"},{"taxonomy":"post_tag","embeddable":true,"href":"https:\/\/portalv1.com.br\/api\/wp\/v2\/tags?post=2906"}],"curies":[{"name":"wp","href":"https:\/\/api.w.org\/{rel}","templated":true}]}}