{"id":29359,"date":"2017-03-22T15:36:40","date_gmt":"2017-03-22T18:36:40","guid":{"rendered":"https:\/\/portalv1.com.br\/?p=29359"},"modified":"2017-03-22T21:32:54","modified_gmt":"2017-03-23T00:32:54","slug":"secretario-kassio-gomes-participa-de-forum-com-tecnicos-do-mec","status":"publish","type":"post","link":"https:\/\/portalv1.com.br\/secretario-kassio-gomes-participa-de-forum-com-tecnicos-do-mec\/","title":{"rendered":"Secret\u00e1rio K\u00e1ssio Gomes participa de f\u00f3rum com t\u00e9cnicos do MEC"},"content":{"rendered":"<figure id=\"attachment_29358\" aria-describedby=\"caption-attachment-29358\" style=\"width: 640px\" class=\"wp-caption aligncenter\"><a href=\"https:\/\/portalv1.com.br\/app\/wp-content\/uploads\/2017\/03\/undimepiaui_2_.jpg\"><img loading=\"lazy\" decoding=\"async\" class=\"size-large wp-image-29358\" src=\"https:\/\/portalv1.com.br\/app\/wp-content\/uploads\/2017\/03\/undimepiaui_2_-640x431.jpg\" alt=\"\" width=\"640\" height=\"431\" srcset=\"https:\/\/portalv1.com.br\/app\/wp-content\/uploads\/2017\/03\/undimepiaui_2_-640x431.jpg 640w, https:\/\/portalv1.com.br\/app\/wp-content\/uploads\/2017\/03\/undimepiaui_2_-300x202.jpg 300w, https:\/\/portalv1.com.br\/app\/wp-content\/uploads\/2017\/03\/undimepiaui_2_.jpg 720w\" sizes=\"auto, (max-width: 640px) 100vw, 640px\" \/><\/a><figcaption id=\"caption-attachment-29358\" class=\"wp-caption-text\">Equipe da educa\u00e7\u00e3o de Valen\u00e7a<\/figcaption><\/figure>\n<p>Acontece em Teresina nesta ter\u00e7a (22) e quarta-feira (23) mais uma edi\u00e7\u00e3o do F\u00f3rum Estadual da Undime Piau\u00ed. A Undime \u00e9 a Uni\u00e3o Nacional dos Dirigentes Municipais de Educa\u00e7\u00e3o e atua na discuss\u00e3o, capacita\u00e7\u00e3o e luta por melhorias nos sistemas de ensino municipais junto ao Governo Federal e outros \u00f3rg\u00e3os.<\/p>\n<p>O encontro acontece no audit\u00f3rio do Tribunal de Contas do Estado do Piau\u00ed (TCE-PI) e tem a participa\u00e7\u00e3o de diversos munic\u00edpios. Valen\u00e7a est\u00e1 representada pelo secret\u00e1rio de educa\u00e7\u00e3o, K\u00e1ssio Gomes, e mais 4 servidores de \u00e1reas estrat\u00e9gicas da pasta.<\/p>\n<p>Durante os dois dias, os profissionais de educa\u00e7\u00e3o ir\u00e3o aperfei\u00e7oar e discutir temas como valoriza\u00e7\u00e3o dos profissionais da educa\u00e7\u00e3o, Plano nacional de Educa\u00e7\u00e3o, Plano de Cargos e Carreira, sistema de presta\u00e7\u00e3o de contas do FNDE e o censo escolar, tido como espinha dorsal da aquisi\u00e7\u00e3o de recursos dos munic\u00edpios.<\/p>\n<p>Para o secret\u00e1rio K\u00e1ssio Gomes, o f\u00f3rum \u00e9 uma oportunidade de trazer solu\u00e7\u00f5es e buscar a n\u00edvel nacional a repara\u00e7\u00e3o para a educa\u00e7\u00e3o dos munic\u00edpios em \u00e1reas como transporte escolar e merenda, que ainda necessitam de investimentos diretos do munic\u00edpio atrav\u00e9s de parte do FPM (Fundo de Participa\u00e7\u00e3o dos Munic\u00edpios), bem como outros setores.<\/p>\n<p>\u201cA gente vai estar atuando nesse f\u00f3rum, levantando e discutindo os problemas que o Piau\u00ed tem que ser levado a n\u00edvel nacional e tem t\u00e9cnicos do MEC hoje dentro desse f\u00f3rum pra discutir e levar essas demandas\u201d, explica o secret\u00e1rio.<\/p>\n<p>Em termos pr\u00e1ticos, a capacita\u00e7\u00e3o dada para os profissionais da Secretaria de Educa\u00e7\u00e3o de Valen\u00e7a deve otimizar o trabalho da pasta em \u00e1reas como reforma de escolas, presta\u00e7\u00e3o de contas e, sobretudo, no censo escolar, que baseia o \u00edndice de recursos a ser enviado para o munic\u00edpio.<\/p>\n<p>\u201cSe tivermos pessoas capacitadas nesses setores vamos dar mais celeridade e n\u00e3o vamos mais ter problemas de presta\u00e7\u00e3o de contas. Vamos ter um senso escolar bem mais consistente gerando receita pro munic\u00edpio pro ano que vem e n\u00f3s teremos a sistematiza\u00e7\u00e3o do ensino, com uma gest\u00e3o em conson\u00e2ncia com o que t\u00e1 sendo praticado no Piau\u00ed e no pa\u00eds\u201d, finaliza o secret\u00e1rio.<\/p>\n<p>Nessa quarta-feira (22) K\u00e1ssio Gomes foi eleito membro titular do Conselho Nacional de Representantes da Uni\u00e3o Nacional dos Dirigentes Municipais de Educa\u00e7\u00e3o (UNDIME).<\/p>\n<p><strong>O f\u00f3rum<\/strong><\/p>\n<p>Uma das palestras que marcaram o primeiro dia de F\u00f3rum da Undime foi com a presidente da uni\u00e3o, que \u00e9 dirigente municipal de S\u00e3o Bernardo do Campo, S\u00e3o Paulo, Cleuza Repulho, com o tema &#8220;O Papel da Undime no Fortalecimento da Educa\u00e7\u00e3o Municipal e a import\u00e2ncia dos DME no processo&#8221;.<\/p>\n<p>Ainda no primeiro dia de F\u00f3rum, os t\u00e9cnicos encarregados pela elabora\u00e7\u00e3o e\/ou revis\u00e3o dos Planos Municipais de Educa\u00e7\u00e3o nos munic\u00edpios poder\u00e3o participar de oficinas.<\/p>\n<p>Fonte: 45graus<\/p>\n","protected":false},"excerpt":{"rendered":"<p>Acontece em Teresina nesta ter\u00e7a (22) e quarta-feira (23) mais uma edi\u00e7\u00e3o do F\u00f3rum Estadual da Undime Piau\u00ed. A Undime \u00e9 a Uni\u00e3o Nacional dos Dirigentes Municipais de Educa\u00e7\u00e3o e&#8230;<\/p>\n","protected":false},"author":1,"featured_media":29358,"comment_status":"open","ping_status":"open","sticky":false,"template":"","format":"standard","meta":{"ngg_post_thumbnail":0,"footnotes":""},"categories":[12],"tags":[],"class_list":["post-29359","post","type-post","status-publish","format-standard","has-post-thumbnail","hentry","category-valenca-news"],"views":340,"meta_data":{"thumb":"https:\/\/portalv1.com.br\/app\/wp-content\/uploads\/2017\/03\/undimepiaui_2_.jpg","imagem":{"fullsize":{"url":"https:\/\/portalv1.com.br\/app\/wp-content\/uploads\/2017\/03\/undimepiaui_2_.jpg","width":720,"height":485},"thumbnail":{"url":"https:\/\/portalv1.com.br\/app\/wp-content\/uploads\/2017\/03\/undimepiaui_2_-100x100.jpg","width":100,"height":100},"medium":{"url":"https:\/\/portalv1.com.br\/app\/wp-content\/uploads\/2017\/03\/undimepiaui_2_-300x202.jpg","width":300,"height":202},"large":{"url":"https:\/\/portalv1.com.br\/app\/wp-content\/uploads\/2017\/03\/undimepiaui_2_-640x431.jpg","width":640,"height":431}},"data":{"simple":"22\/03\/2017","date_time":"22\/03\/2017 12:36:40","date":"h\u00e1 9 anos"},"chapeu":"Em Teresina ","source":"m_destacada"},"_links":{"self":[{"href":"https:\/\/portalv1.com.br\/api\/wp\/v2\/posts\/29359","targetHints":{"allow":["GET"]}}],"collection":[{"href":"https:\/\/portalv1.com.br\/api\/wp\/v2\/posts"}],"about":[{"href":"https:\/\/portalv1.com.br\/api\/wp\/v2\/types\/post"}],"author":[{"embeddable":true,"href":"https:\/\/portalv1.com.br\/api\/wp\/v2\/users\/1"}],"replies":[{"embeddable":true,"href":"https:\/\/portalv1.com.br\/api\/wp\/v2\/comments?post=29359"}],"version-history":[{"count":0,"href":"https:\/\/portalv1.com.br\/api\/wp\/v2\/posts\/29359\/revisions"}],"wp:featuredmedia":[{"embeddable":true,"href":"https:\/\/portalv1.com.br\/api\/wp\/v2\/media\/29358"}],"wp:attachment":[{"href":"https:\/\/portalv1.com.br\/api\/wp\/v2\/media?parent=29359"}],"wp:term":[{"taxonomy":"category","embeddable":true,"href":"https:\/\/portalv1.com.br\/api\/wp\/v2\/categories?post=29359"},{"taxonomy":"post_tag","embeddable":true,"href":"https:\/\/portalv1.com.br\/api\/wp\/v2\/tags?post=29359"}],"curies":[{"name":"wp","href":"https:\/\/api.w.org\/{rel}","templated":true}]}}