{"id":2982,"date":"2010-03-03T00:22:14","date_gmt":"2010-03-03T03:22:14","guid":{"rendered":"https:\/\/portalv1.com.br\/?p=2982"},"modified":"2010-03-03T00:22:14","modified_gmt":"2010-03-03T03:22:14","slug":"avap-realiza-palestra-para-idosos","status":"publish","type":"post","link":"https:\/\/portalv1.com.br\/avap-realiza-palestra-para-idosos\/","title":{"rendered":"Avap realiza palestra para idosos."},"content":{"rendered":"<figure id=\"attachment_2983\" aria-describedby=\"caption-attachment-2983\" style=\"width: 300px\" class=\"wp-caption alignright\"><a href=\"https:\/\/portalv1.com.br\/app\/wp-content\/uploads\/2010\/03\/grego.jpg\"><img loading=\"lazy\" decoding=\"async\" class=\"size-full wp-image-2983\" title=\"grego\" src=\"https:\/\/portalv1.com.br\/app\/wp-content\/uploads\/2010\/03\/grego.jpg\" alt=\"Presidente Greg\u00f3rio Araujo e a colunista social Elvira Raulino\" width=\"300\" height=\"183\" \/><\/a><figcaption id=\"caption-attachment-2983\" class=\"wp-caption-text\">Presidente Greg\u00f3rio Araujo e a colunista social Elvira Raulino<\/figcaption><\/figure>\n<p>A Associa\u00e7\u00e3o dos Aposentados e Pensionista (AVAP) presidida pelo amigo Greg\u00f3rio Araujo estar\u00e1 realizando nesse m\u00eas de mar\u00e7o uma palestra com seus associados sobre os seus direitos e deveres e principalmente em rela\u00e7\u00e3o aos empr\u00e9stimos consignados.<\/p>\n<p>O palestrante ser\u00e1 o delegado do idoso Marllos Sampaio que ir\u00e1 falar sobre esses temas.<\/p>\n<p>A vinda do delegado a Valen\u00e7a s\u00f3 foi poss\u00edvel gra\u00e7as \u00e0 interven\u00e7\u00e3o do empres\u00e1rio Rubens Alencar, que usando do seu prest\u00edgio conseguiu marcar para esse m\u00eas a reuni\u00e3o. A data ser\u00e1 agendada pela dire\u00e7\u00e3o da AVAP e a palestra acontecer\u00e1 no Bairro Novo Horizonte na sede da Funda\u00e7\u00e3o Raul Alencar.<\/p>\n","protected":false},"excerpt":{"rendered":"<p>A Associa\u00e7\u00e3o dos Aposentados e Pensionista (AVAP) presidida pelo amigo Greg\u00f3rio Araujo estar\u00e1 realizando nesse m\u00eas de mar\u00e7o uma palestra com seus associados sobre os seus direitos e deveres e&#8230;<\/p>\n","protected":false},"author":1,"featured_media":0,"comment_status":"open","ping_status":"open","sticky":false,"template":"","format":"standard","meta":{"ngg_post_thumbnail":0,"footnotes":""},"categories":[12],"tags":[],"class_list":["post-2982","post","type-post","status-publish","format-standard","hentry","category-valenca-news"],"views":680,"meta_data":{"thumb":"https:\/\/portalv1.com.br\/app\/wp-content\/uploads\/2010\/03\/grego.jpg","data":{"simple":"02\/03\/2010","date_time":"02\/03\/2010 21:22:14","date":"h\u00e1 16 anos"},"chapeu":"","source":""},"_links":{"self":[{"href":"https:\/\/portalv1.com.br\/api\/wp\/v2\/posts\/2982","targetHints":{"allow":["GET"]}}],"collection":[{"href":"https:\/\/portalv1.com.br\/api\/wp\/v2\/posts"}],"about":[{"href":"https:\/\/portalv1.com.br\/api\/wp\/v2\/types\/post"}],"author":[{"embeddable":true,"href":"https:\/\/portalv1.com.br\/api\/wp\/v2\/users\/1"}],"replies":[{"embeddable":true,"href":"https:\/\/portalv1.com.br\/api\/wp\/v2\/comments?post=2982"}],"version-history":[{"count":0,"href":"https:\/\/portalv1.com.br\/api\/wp\/v2\/posts\/2982\/revisions"}],"wp:attachment":[{"href":"https:\/\/portalv1.com.br\/api\/wp\/v2\/media?parent=2982"}],"wp:term":[{"taxonomy":"category","embeddable":true,"href":"https:\/\/portalv1.com.br\/api\/wp\/v2\/categories?post=2982"},{"taxonomy":"post_tag","embeddable":true,"href":"https:\/\/portalv1.com.br\/api\/wp\/v2\/tags?post=2982"}],"curies":[{"name":"wp","href":"https:\/\/api.w.org\/{rel}","templated":true}]}}