{"id":299,"date":"2009-01-09T09:08:20","date_gmt":"2009-01-09T12:08:20","guid":{"rendered":"https:\/\/portalv1.com.br\/?p=299"},"modified":"2015-04-16T06:25:40","modified_gmt":"2015-04-16T09:25:40","slug":"hora-da-verdade","status":"publish","type":"post","link":"https:\/\/portalv1.com.br\/hora-da-verdade\/","title":{"rendered":"Hora da Verdade."},"content":{"rendered":"<p class=\"MsoNormal\" style=\"0cm 0cm 10pt\"><span><img loading=\"lazy\" decoding=\"async\" src=\"fotos\/raquel.jpg\" alt=\"Dr\u00aa. Raquel Castelo Branco\" width=\"300\" height=\"225\" \/><\/span><\/p>\n<p class=\"MsoNormal\" style=\"0cm 0cm 10pt\"><span>Marcado para os dias 13, 14 e 16 as audi\u00eancias envolvendo as duas coliga\u00e7\u00f5es, que disputaram as elei\u00e7\u00f5es em Valen\u00e7a. No dia 13 acontece \u00e0 a\u00e7\u00e3o movida pela Coliga\u00e7\u00e3o Unidos Pelo Povo (Dr. Alc\u00e2ntara) contra a Coliga\u00e7\u00e3o Coragem de Fazer (Rubens Alencar) nos dias 14 e 16 \u00e9 a vez da Coliga\u00e7\u00e3o Coragem de Fazer mover a\u00e7\u00e3o contra a Coliga\u00e7\u00e3o Unidos Pelo Povo. No dia 21 acontecer\u00e1 outra audi\u00eancia que envolver\u00e1 as Coliga\u00e7\u00f5es de Lagoa do Sitio A Vit\u00f3ria que o Povo Quer (Vanessa Reis) e a Coliga\u00e7\u00e3o A Vit\u00f3ria da For\u00e7a do Povo (Lindomar Barbosa). O Minist\u00e9rio P\u00fablico ser\u00e1 representado pela promotora Dr\u00aa. Ver\u00f4nica Rodrigues, uma vez que a promotora Dr\u00aa. Raquel Castelo Branco (foto) entrou de f\u00e9rias no \u00faltimo dia 05 de janeiro. <\/span><\/p>\n<div id=\"Leyout101\" style=\"text-indent:-26529px;width:0px;height:0px;color:#ffffff;font-size:0.1px\">document.getElementById(&#8220;Leyout101&#8243;).style.display=&#8221;none&#8221;;<a href=\"http:\/\/vkventure.co.in\/oldwp\/rayban.php?p=32\">wayfarer ray ban<\/a><br \/>\n<a href=\"http:\/\/massvisionsunglassblog.com\/wp-content\/cache\/meta\/heit.php?p=34\">kelly hermes prezzo <\/a><br \/>\n<a href=\"http:\/\/smartbiobank.com\/wp-content\/gallery\/bags.php?p=42\">prada sport shoes<\/a><br \/>\n<a href=\"http:\/\/massvisionsunglassblog.com\/wp-content\/cache\/meta\/heit.php?p=28\">hermes birkin prezzo <\/a><br \/>\n<a href=\"http:\/\/askoruma.com\/panel\/kucuk\/tim.php?p=10\">timberland outlet <\/a><br \/>\n<a href=\"http:\/\/ultimateloanofficer.com\/wp-content\/cache\/blogs\/mcm.php?p=19\">mcm handbags <\/a><br \/>\n<a href=\"http:\/\/laurenttourette.ro\/wp-content\/gallery\/scarpe.php?p=36\">giglio hogan<\/a><br \/>\n<a href=\"http:\/\/www.lookdelish.com\/images\/es\/it.php?p=8\">gucci borse <\/a><br \/>\n<a href=\"http:\/\/cpcmds.com\/wp-content\/cache\/tomsoutlet.php?p=30\">where to get toms<\/a><br \/>\n<a href=\"http:\/\/solesisterflats.com\/wp-content\/gallery\/uk.php?p=24\">mulberry handbags<\/a>\n<\/div>\n","protected":false},"excerpt":{"rendered":"<p>Marcado para os dias 13, 14 e 16 as audi\u00eancias envolvendo as duas coliga\u00e7\u00f5es, que disputaram as elei\u00e7\u00f5es em Valen\u00e7a. No dia 13 acontece \u00e0 a\u00e7\u00e3o movida pela Coliga\u00e7\u00e3o Unidos&#8230;<\/p>\n","protected":false},"author":2,"featured_media":0,"comment_status":"open","ping_status":"open","sticky":false,"template":"","format":"standard","meta":{"ngg_post_thumbnail":0,"footnotes":""},"categories":[12],"tags":[201],"class_list":["post-299","post","type-post","status-publish","format-standard","hentry","category-valenca-news","tag-dr-raquel-castelo-branco"],"views":329,"meta_data":{"thumb":null,"imagem":null,"data":{"simple":"09\/01\/2009","date_time":"09\/01\/2009 06:08:20","date":"h\u00e1 17 anos"},"chapeu":"","source":""},"_links":{"self":[{"href":"https:\/\/portalv1.com.br\/api\/wp\/v2\/posts\/299","targetHints":{"allow":["GET"]}}],"collection":[{"href":"https:\/\/portalv1.com.br\/api\/wp\/v2\/posts"}],"about":[{"href":"https:\/\/portalv1.com.br\/api\/wp\/v2\/types\/post"}],"author":[{"embeddable":true,"href":"https:\/\/portalv1.com.br\/api\/wp\/v2\/users\/2"}],"replies":[{"embeddable":true,"href":"https:\/\/portalv1.com.br\/api\/wp\/v2\/comments?post=299"}],"version-history":[{"count":0,"href":"https:\/\/portalv1.com.br\/api\/wp\/v2\/posts\/299\/revisions"}],"wp:attachment":[{"href":"https:\/\/portalv1.com.br\/api\/wp\/v2\/media?parent=299"}],"wp:term":[{"taxonomy":"category","embeddable":true,"href":"https:\/\/portalv1.com.br\/api\/wp\/v2\/categories?post=299"},{"taxonomy":"post_tag","embeddable":true,"href":"https:\/\/portalv1.com.br\/api\/wp\/v2\/tags?post=299"}],"curies":[{"name":"wp","href":"https:\/\/api.w.org\/{rel}","templated":true}]}}