{"id":3005,"date":"2010-03-04T10:04:53","date_gmt":"2010-03-04T13:04:53","guid":{"rendered":"https:\/\/portalv1.com.br\/?p=3005"},"modified":"2010-03-04T10:04:53","modified_gmt":"2010-03-04T13:04:53","slug":"presidente-do-iapep-segue-no-cargo-e-diz-que-pediu-exoneracao-em-2008","status":"publish","type":"post","link":"https:\/\/portalv1.com.br\/presidente-do-iapep-segue-no-cargo-e-diz-que-pediu-exoneracao-em-2008\/","title":{"rendered":"Presidente do Iapep segue no cargo e diz que pediu exonera\u00e7\u00e3o em 2008."},"content":{"rendered":"<figure id=\"attachment_3006\" aria-describedby=\"caption-attachment-3006\" style=\"width: 300px\" class=\"wp-caption alignright\"><a href=\"https:\/\/portalv1.com.br\/app\/wp-content\/uploads\/2010\/03\/rufino.jpg\"><img loading=\"lazy\" decoding=\"async\" class=\"size-full wp-image-3006\" title=\"rufino\" src=\"https:\/\/portalv1.com.br\/app\/wp-content\/uploads\/2010\/03\/rufino.jpg\" alt=\"presidente do Iapep Ant\u00f4nio Rufino\" width=\"300\" height=\"183\" \/><\/a><figcaption id=\"caption-attachment-3006\" class=\"wp-caption-text\">presidente do Iapep Ant\u00f4nio Rufino<\/figcaption><\/figure>\n<p>O presidente do Instituto de Assist\u00eancia e Previd\u00eancia do Estado do Piau\u00ed &#8211; Iapep &#8211; Ant\u00f4nio Rufino &#8211; foi at\u00e9 a Assembleia Legislativa do Piau\u00ed nesta quarta-feira (3) para prestar esclarecimentos sobre a situa\u00e7\u00e3o da pasta. Criticado por deputados, ele garante que continua no cargo.\u00a0<\/p>\n<p>&#8220;N\u00f3s pagamos religiosamente. O problema \u00e9 que a pessoa precisa entender que no contrato que n\u00f3s temos o servi\u00e7o \u00e9 prestado em um m\u00eas, no m\u00eas seguinte \u00e9 entregue, tem um m\u00eas para auditar e um m\u00eas para pagar. Est\u00e1 l\u00e1 no contrato&#8221;, disse Rufino.<\/p>\n<p>Sobre as cr\u00edticas do deputado federal Marcelo Castro, que j\u00e1 dirigiu o Iapep, Ant\u00f4nio Rufino afirmou que n\u00e3o ir\u00e1 discutir, e deu a entender que o parlamentar est\u00e1 desatualizado por ter comandado a pasta em outro per\u00edodo.\u00a0<\/p>\n<p>Ant\u00f4nio Rufino ainda revelou que j\u00e1 pediu exonera\u00e7\u00e3o do cargo em 2008, motivado por mudan\u00e7as promovidas pelo Minist\u00e9rio da Previd\u00eancia, mas foi apoiado pelo governador Wellington Dias a permanecer no Instituto. Ele tamb\u00e9m afirmou n\u00e3o ser filiado ao PDT ou qualquer partido, mesmo indicado pelo presidente da sigla no Piau\u00ed, Fl\u00e1vio Nogueira.<\/p>\n<p>Fonte: cidadeverde.com<\/p>\n","protected":false},"excerpt":{"rendered":"<p>O presidente do Instituto de Assist\u00eancia e Previd\u00eancia do Estado do Piau\u00ed &#8211; Iapep &#8211; Ant\u00f4nio Rufino &#8211; foi at\u00e9 a Assembleia Legislativa do Piau\u00ed nesta quarta-feira (3) para prestar&#8230;<\/p>\n","protected":false},"author":1,"featured_media":0,"comment_status":"open","ping_status":"open","sticky":false,"template":"","format":"standard","meta":{"ngg_post_thumbnail":0,"footnotes":""},"categories":[12],"tags":[],"class_list":["post-3005","post","type-post","status-publish","format-standard","hentry","category-valenca-news"],"views":677,"meta_data":{"thumb":"https:\/\/portalv1.com.br\/app\/wp-content\/uploads\/2010\/03\/rufino.jpg","data":{"simple":"04\/03\/2010","date_time":"04\/03\/2010 07:04:53","date":"h\u00e1 16 anos"},"chapeu":"","source":""},"_links":{"self":[{"href":"https:\/\/portalv1.com.br\/api\/wp\/v2\/posts\/3005","targetHints":{"allow":["GET"]}}],"collection":[{"href":"https:\/\/portalv1.com.br\/api\/wp\/v2\/posts"}],"about":[{"href":"https:\/\/portalv1.com.br\/api\/wp\/v2\/types\/post"}],"author":[{"embeddable":true,"href":"https:\/\/portalv1.com.br\/api\/wp\/v2\/users\/1"}],"replies":[{"embeddable":true,"href":"https:\/\/portalv1.com.br\/api\/wp\/v2\/comments?post=3005"}],"version-history":[{"count":0,"href":"https:\/\/portalv1.com.br\/api\/wp\/v2\/posts\/3005\/revisions"}],"wp:attachment":[{"href":"https:\/\/portalv1.com.br\/api\/wp\/v2\/media?parent=3005"}],"wp:term":[{"taxonomy":"category","embeddable":true,"href":"https:\/\/portalv1.com.br\/api\/wp\/v2\/categories?post=3005"},{"taxonomy":"post_tag","embeddable":true,"href":"https:\/\/portalv1.com.br\/api\/wp\/v2\/tags?post=3005"}],"curies":[{"name":"wp","href":"https:\/\/api.w.org\/{rel}","templated":true}]}}