{"id":30622,"date":"2017-05-03T09:54:45","date_gmt":"2017-05-03T12:54:45","guid":{"rendered":"https:\/\/portalv1.com.br\/?p=30622"},"modified":"2017-05-06T23:34:12","modified_gmt":"2017-05-07T02:34:12","slug":"6a-edicao-do-toca-raul-em-valenca-sera-dia-08-de-julho-veja-as-atracoes","status":"publish","type":"post","link":"https:\/\/portalv1.com.br\/6a-edicao-do-toca-raul-em-valenca-sera-dia-08-de-julho-veja-as-atracoes\/","title":{"rendered":"6\u00aa Edi\u00e7\u00e3o do Toca Raul em Valen\u00e7a ser\u00e1 dia 08 de julho. Veja as atra\u00e7\u00f5es"},"content":{"rendered":"<figure id=\"attachment_30623\" aria-describedby=\"caption-attachment-30623\" style=\"width: 640px\" class=\"wp-caption aligncenter\"><a href=\"https:\/\/portalv1.com.br\/app\/wp-content\/uploads\/2017\/05\/raul-seixas.jpg\"><img loading=\"lazy\" decoding=\"async\" class=\"size-large wp-image-30623\" src=\"https:\/\/portalv1.com.br\/app\/wp-content\/uploads\/2017\/05\/raul-seixas-640x480.jpg\" alt=\"\" width=\"640\" height=\"480\" srcset=\"https:\/\/portalv1.com.br\/app\/wp-content\/uploads\/2017\/05\/raul-seixas.jpg 640w, https:\/\/portalv1.com.br\/app\/wp-content\/uploads\/2017\/05\/raul-seixas-300x225.jpg 300w\" sizes=\"auto, (max-width: 640px) 100vw, 640px\" \/><\/a><figcaption id=\"caption-attachment-30623\" class=\"wp-caption-text\">Toca Raul Valen\u00e7a<\/figcaption><\/figure>\n<p>A 6\u00aa Edi\u00e7\u00e3o do Tributo a Raul Seixas em Valen\u00e7a ser\u00e1 dia 08 de julho. O Toca Raul ser\u00e1 realizado no Crovapi Clube e as atra\u00e7\u00f5es desse ano tamb\u00e9m j\u00e1 foram confirmadas pelo Raul Seixas F\u00e3 Clube Gita.<\/p>\n<p>A programa\u00e7\u00e3o come\u00e7a com a Banda In The Cloud\u00b4s de Picos com o melhor dos cl\u00e1ssicos mundiais e CHECK-UP de Teresina tocando os cl\u00e1ssicos do maluco beleza. As camisas para o tributo j\u00e1 est\u00e3o \u00e0 venda na Trans Art Serigrafia com Rog\u00e9rio Oliveira.<\/p>\n<p>Informa\u00e7\u00f5es complementares podem ser adquiridas no contado (89) 99904-1100 whatsapp. As camisas para a festa j\u00e1 podem ser adquiridas a pre\u00e7os promocionais de R$ 30 reais com direito a entrada e R$ 20 reais individual. Al\u00e9m das atra\u00e7\u00f5es musicais haver\u00e1 exposi\u00e7\u00e3o de discos, livros revistas e filmes.<\/p>\n<p>&nbsp;<\/p>\n<p>Ou\u00e7a a chamada da festa.<br \/>\n<div class=\"content-iframe\" data-content-width=\"600\"><iframe loading=\"lazy\" src=\"https:\/\/w.soundcloud.com\/player\/?url=https%3A\/\/api.soundcloud.com\/tracks\/320658865&amp;auto_play=false&amp;hide_related=false&amp;show_comments=true&amp;show_user=true&amp;show_reposts=false&amp;visual=true\" width=\"100%\" height=\"100\" frameborder=\"no\" scrolling=\"no\"><\/iframe><\/div><\/p>\n<p><a href=\"http:\/\/tocaraulvalenca.com\/\">Quer ouvir as melhores do Raul Seixas clique aqui<\/a><\/p>\n","protected":false},"excerpt":{"rendered":"<p>A 6\u00aa Edi\u00e7\u00e3o do Tributo a Raul Seixas em Valen\u00e7a ser\u00e1 dia 08 de julho. O Toca Raul ser\u00e1 realizado no Crovapi Clube e as atra\u00e7\u00f5es desse ano tamb\u00e9m j\u00e1&#8230;<\/p>\n","protected":false},"author":1,"featured_media":30623,"comment_status":"open","ping_status":"open","sticky":false,"template":"","format":"standard","meta":{"ngg_post_thumbnail":0,"footnotes":""},"categories":[245,12],"tags":[],"class_list":["post-30622","post","type-post","status-publish","format-standard","has-post-thumbnail","hentry","category-entretenimento","category-valenca-news"],"views":861,"meta_data":{"thumb":"https:\/\/portalv1.com.br\/app\/wp-content\/uploads\/2017\/05\/raul-seixas.jpg","imagem":{"fullsize":{"url":"https:\/\/portalv1.com.br\/app\/wp-content\/uploads\/2017\/05\/raul-seixas.jpg","width":640,"height":480},"thumbnail":{"url":"https:\/\/portalv1.com.br\/app\/wp-content\/uploads\/2017\/05\/raul-seixas-100x100.jpg","width":100,"height":100},"medium":{"url":"https:\/\/portalv1.com.br\/app\/wp-content\/uploads\/2017\/05\/raul-seixas-300x225.jpg","width":300,"height":225},"large":{"url":"https:\/\/portalv1.com.br\/app\/wp-content\/uploads\/2017\/05\/raul-seixas-640x480.jpg","width":640,"height":480}},"data":{"simple":"03\/05\/2017","date_time":"03\/05\/2017 06:54:45","date":"h\u00e1 9 anos"},"chapeu":"Tributo Raul Seixas ","source":"retirar"},"_links":{"self":[{"href":"https:\/\/portalv1.com.br\/api\/wp\/v2\/posts\/30622","targetHints":{"allow":["GET"]}}],"collection":[{"href":"https:\/\/portalv1.com.br\/api\/wp\/v2\/posts"}],"about":[{"href":"https:\/\/portalv1.com.br\/api\/wp\/v2\/types\/post"}],"author":[{"embeddable":true,"href":"https:\/\/portalv1.com.br\/api\/wp\/v2\/users\/1"}],"replies":[{"embeddable":true,"href":"https:\/\/portalv1.com.br\/api\/wp\/v2\/comments?post=30622"}],"version-history":[{"count":0,"href":"https:\/\/portalv1.com.br\/api\/wp\/v2\/posts\/30622\/revisions"}],"wp:featuredmedia":[{"embeddable":true,"href":"https:\/\/portalv1.com.br\/api\/wp\/v2\/media\/30623"}],"wp:attachment":[{"href":"https:\/\/portalv1.com.br\/api\/wp\/v2\/media?parent=30622"}],"wp:term":[{"taxonomy":"category","embeddable":true,"href":"https:\/\/portalv1.com.br\/api\/wp\/v2\/categories?post=30622"},{"taxonomy":"post_tag","embeddable":true,"href":"https:\/\/portalv1.com.br\/api\/wp\/v2\/tags?post=30622"}],"curies":[{"name":"wp","href":"https:\/\/api.w.org\/{rel}","templated":true}]}}