{"id":30762,"date":"2017-05-09T20:32:38","date_gmt":"2017-05-09T23:32:38","guid":{"rendered":"https:\/\/portalv1.com.br\/?p=30762"},"modified":"2017-05-12T19:08:36","modified_gmt":"2017-05-12T22:08:36","slug":"vereadores-de-pimenteiras-realizaram-mais-uma-sessao-veja-detalhes","status":"publish","type":"post","link":"https:\/\/portalv1.com.br\/vereadores-de-pimenteiras-realizaram-mais-uma-sessao-veja-detalhes\/","title":{"rendered":"Vereadores de Pimenteiras realizaram mais uma sess\u00e3o. Veja detalhes"},"content":{"rendered":"<p>A C\u00e2mara de Vereadores de Pimenteiras realizou, nesta segunda-feira (08), mais uma Sess\u00e3o Ordin\u00e1ria do Poder Legislativo. Sob a presid\u00eancia do vereador Rogerio Caetano e secretariada pelo vereador Reinaldo Paiva, os vereadores Patr\u00edcio Rulim, Z\u00e9 Ota, Amisth\u00e2nio Alves, Toinzim e Edvar Ara\u00fajo apreciaram requerimentos, mo\u00e7\u00e3o e abordaram temas relevantes ao munic\u00edpio.<\/p>\n<p>No grande expediente foram aprovados por unanimidade requerimentos do vereador Jander Nogueira solicitando do Departamento de Estradas e Rodagem (DER-PI) a inclus\u00e3o da PI 120, que liga a cidade a Valen\u00e7a na opera\u00e7\u00e3o tapa buraco, assim como que seja realizado o ro\u00e7o e sinaliza\u00e7\u00e3o da mesma.<\/p>\n<p>Em outro requerimento do vereador do PMDB ele pediu ao DETRAN-PI que Pimenteiras seja inclu\u00edda no projeto de sinaliza\u00e7\u00e3o do \u00f3rg\u00e3o estadual. Segundo Jander Nogueira, esse estudo \u00e9 a primeira etapa para a implanta\u00e7\u00e3o da municipaliza\u00e7\u00e3o do tr\u00e2nsito que ser\u00e1 muito importante para a municipalidade.<\/p>\n<p>Os vereadores aprovaram ainda uma Mo\u00e7\u00e3o de Pesar tamb\u00e9m de autoria do vereador Jander Nogueira a fam\u00edlia do senhor Luiz Gonzaga Barbosa de Moura (Gonzaga Mil\u00fa), ex-chefe da AGESPISA no munic\u00edpio. Todos os vereadores foram solid\u00e1rios a Mo\u00e7\u00e3o de Pesar ressaltando a grande perda para amigos e familiares.<\/p>\n<p>Ainda na sess\u00e3o, os vereadores Amisth\u00e2nio Alves e Toinzim pediram que a sociedade acompanhe com a aten\u00e7\u00e3o os tr\u00e2mites do concurso publico que ser\u00e1 realizado no munic\u00edpio. Para os parlamentares, a popula\u00e7\u00e3o, especialmente aqueles que ir\u00e3o concorrer precisam ficar vigilantes para n\u00e3o serem enganados.<\/p>\n<p>Por outro lado, os vereadores Reinado Paiva e Patr\u00edcio Rulim disseram ter total confian\u00e7a no pleito e na responsabilidade da prefeitura na realiza\u00e7\u00e3o do certame. Patr\u00edcio Rulim afirmou que tem plena convic\u00e7\u00e3o na lisura do concurso e que diferente de outros j\u00e1 realizados, passar\u00e3o aqueles que melhor se prepararem para o certame.<\/p>\n","protected":false},"excerpt":{"rendered":"<p>A C\u00e2mara de Vereadores de Pimenteiras realizou, nesta segunda-feira (08), mais uma Sess\u00e3o Ordin\u00e1ria do Poder Legislativo. Sob a presid\u00eancia do vereador Rogerio Caetano e secretariada pelo vereador Reinaldo Paiva,&#8230;<\/p>\n","protected":false},"author":1,"featured_media":24980,"comment_status":"open","ping_status":"open","sticky":false,"template":"","format":"standard","meta":{"ngg_post_thumbnail":0,"footnotes":""},"categories":[12],"tags":[],"class_list":["post-30762","post","type-post","status-publish","format-standard","has-post-thumbnail","hentry","category-valenca-news"],"views":529,"meta_data":{"thumb":"https:\/\/portalv1.com.br\/app\/wp-content\/uploads\/2016\/11\/camara-de-pimenteiras.jpg","imagem":{"fullsize":{"url":"https:\/\/portalv1.com.br\/app\/wp-content\/uploads\/2016\/11\/camara-de-pimenteiras.jpg","width":640,"height":427},"thumbnail":{"url":"https:\/\/portalv1.com.br\/app\/wp-content\/uploads\/2016\/11\/camara-de-pimenteiras-100x100.jpg","width":100,"height":100},"medium":{"url":"https:\/\/portalv1.com.br\/app\/wp-content\/uploads\/2016\/11\/camara-de-pimenteiras-300x200.jpg","width":300,"height":200},"large":{"url":"https:\/\/portalv1.com.br\/app\/wp-content\/uploads\/2016\/11\/camara-de-pimenteiras-640x427.jpg","width":640,"height":427}},"data":{"simple":"09\/05\/2017","date_time":"09\/05\/2017 17:32:38","date":"h\u00e1 9 anos"},"chapeu":"Legislativo Municipal ","source":"foto_menor"},"_links":{"self":[{"href":"https:\/\/portalv1.com.br\/api\/wp\/v2\/posts\/30762","targetHints":{"allow":["GET"]}}],"collection":[{"href":"https:\/\/portalv1.com.br\/api\/wp\/v2\/posts"}],"about":[{"href":"https:\/\/portalv1.com.br\/api\/wp\/v2\/types\/post"}],"author":[{"embeddable":true,"href":"https:\/\/portalv1.com.br\/api\/wp\/v2\/users\/1"}],"replies":[{"embeddable":true,"href":"https:\/\/portalv1.com.br\/api\/wp\/v2\/comments?post=30762"}],"version-history":[{"count":0,"href":"https:\/\/portalv1.com.br\/api\/wp\/v2\/posts\/30762\/revisions"}],"wp:featuredmedia":[{"embeddable":true,"href":"https:\/\/portalv1.com.br\/api\/wp\/v2\/media\/24980"}],"wp:attachment":[{"href":"https:\/\/portalv1.com.br\/api\/wp\/v2\/media?parent=30762"}],"wp:term":[{"taxonomy":"category","embeddable":true,"href":"https:\/\/portalv1.com.br\/api\/wp\/v2\/categories?post=30762"},{"taxonomy":"post_tag","embeddable":true,"href":"https:\/\/portalv1.com.br\/api\/wp\/v2\/tags?post=30762"}],"curies":[{"name":"wp","href":"https:\/\/api.w.org\/{rel}","templated":true}]}}