{"id":31886,"date":"2017-06-01T19:07:53","date_gmt":"2017-06-01T22:07:53","guid":{"rendered":"https:\/\/portalv1.com.br\/?p=31886"},"modified":"2017-06-01T19:07:53","modified_gmt":"2017-06-01T22:07:53","slug":"vereadores-de-novo-oriente-denunciam-problemas-com-a-tim","status":"publish","type":"post","link":"https:\/\/portalv1.com.br\/vereadores-de-novo-oriente-denunciam-problemas-com-a-tim\/","title":{"rendered":"Vereadores de Novo Oriente denunciam problemas com a TIM"},"content":{"rendered":"<figure id=\"attachment_31887\" aria-describedby=\"caption-attachment-31887\" style=\"width: 640px\" class=\"wp-caption aligncenter\"><a href=\"https:\/\/portalv1.com.br\/app\/wp-content\/uploads\/2017\/06\/LOGO.jpg\"><img loading=\"lazy\" decoding=\"async\" class=\"size-large wp-image-31887\" src=\"https:\/\/portalv1.com.br\/app\/wp-content\/uploads\/2017\/06\/LOGO-640x480.jpg\" alt=\"\" width=\"640\" height=\"480\" srcset=\"https:\/\/portalv1.com.br\/app\/wp-content\/uploads\/2017\/06\/LOGO.jpg 640w, https:\/\/portalv1.com.br\/app\/wp-content\/uploads\/2017\/06\/LOGO-300x225.jpg 300w\" sizes=\"auto, (max-width: 640px) 100vw, 640px\" \/><\/a><figcaption id=\"caption-attachment-31887\" class=\"wp-caption-text\">Os vereadores denunciaram ao Minist\u00e9rio Publico a p\u00e9ssima cobertura da operadora Tim na cidade<\/figcaption><\/figure>\n<p>Os vereadores de Novo Oriente, Jos\u00e9 Nilton, Jaqueline Carvalho, Jos\u00e9 Ferreira e o presidente Manoel Messias se reuniram nesta quinta-feira (01) com o promotor de Justi\u00e7a Dr. Sinobilino Junior para pedir a ajuda do Minist\u00e9rio Publico no que diz respeito \u00e0 melhoria dos servi\u00e7os da operadora de telefonia m\u00f3vel Tim em Novo Oriente. &nbsp;<\/p>\n<p>De acordo com os parlamentares, a popula\u00e7\u00e3o vem enfrentando muitas dificuldades para completar e receber as chamadas da operadora que apesar das reclama\u00e7\u00f5es individuais nada tem feito para resolver a quest\u00e3o.<\/p>\n<p>O problema maior segundo o vereador Jos\u00e9 Nilton, articulador da audi\u00eancia \u00e9 que a operadora \u00e9 a \u00fanica que atende ao munic\u00edpio e mesmo sendo a \u00fanica n\u00e3o consegue oferecer seus servi\u00e7os de telefonia m\u00f3vel e nem de internet a contento. &nbsp;<\/p>\n<p>O presidente Manoel Messias afirmou que foi confeccionado um abaixo-assinado que se somar\u00e1 a solicita\u00e7\u00e3o do parlamento junto \u00e0 operadora. De acordo com o mesmo, a situa\u00e7\u00e3o \u00e9 t\u00e3o complicada que em caso de emerg\u00eancia \u00e9 preciso se deslocar at\u00e9 Valen\u00e7a para ter acesso \u00e0 operadora.<\/p>\n<p>&nbsp;A vereadora Jaqueline Carvalho enalteceu o trabalho conjunto dos vereadores em torno da causa e afirmou que o parlamento est\u00e1 firme em defesa da popula\u00e7\u00e3o.<\/p>\n<p>Ap\u00f3s ouvir os vereadores, o promotor de Justi\u00e7a Dr. Sinobilino Junior disse que est\u00e1 consciente do problema e inclusive vem intermediando uma solu\u00e7\u00e3o amig\u00e1vel com a Tim, num entanto, at\u00e9 o momento alguma coisa s\u00f3 foi feita em rela\u00e7\u00e3o \u00e0 cobertura de Valen\u00e7a que ainda n\u00e3o est\u00e1 boa.<\/p>\n<p>Ele afirmou que Novo Oriente, assim como a cidade de Lagoa do Sitio fazem parte dessa negocia\u00e7\u00e3o, mais como nada foi feito em rela\u00e7\u00e3o a Novo Oriente e Lagoa do Sitio, o Minist\u00e9rio Publico n\u00e3o ter\u00e1 outra alternativa a n\u00e3o ser apresentar uma a\u00e7\u00e3o contra a operadora Tim.<\/p>\n<p><div class=\"content-iframe\" data-content-width=\"600\"><iframe loading=\"lazy\" src=\"https:\/\/www.facebook.com\/plugins\/video.php?href=https%3A%2F%2Fwww.facebook.com%2FPORTALV1%2Fvideos%2F1410842265628909%2F&#038;show_text=0&#038;width=560\" width=\"560\" height=\"315\" style=\"border:none;overflow:hidden\" scrolling=\"no\" frameborder=\"0\" allowTransparency=\"true\" allowFullScreen=\"true\"><\/iframe><\/div><br \/>\n&nbsp;<\/p>\n<p>&nbsp;<\/p>\n","protected":false},"excerpt":{"rendered":"<p>Os vereadores de Novo Oriente, Jos\u00e9 Nilton, Jaqueline Carvalho, Jos\u00e9 Ferreira e o presidente Manoel Messias se reuniram nesta quinta-feira (01) com o promotor de Justi\u00e7a Dr. Sinobilino Junior para&#8230;<\/p>\n","protected":false},"author":1,"featured_media":31887,"comment_status":"open","ping_status":"open","sticky":false,"template":"","format":"standard","meta":{"ngg_post_thumbnail":0,"footnotes":""},"categories":[12],"tags":[],"class_list":["post-31886","post","type-post","status-publish","format-standard","has-post-thumbnail","hentry","category-valenca-news"],"views":854,"meta_data":{"thumb":"https:\/\/portalv1.com.br\/app\/wp-content\/uploads\/2017\/06\/LOGO.jpg","imagem":{"fullsize":{"url":"https:\/\/portalv1.com.br\/app\/wp-content\/uploads\/2017\/06\/LOGO.jpg","width":640,"height":480},"thumbnail":{"url":"https:\/\/portalv1.com.br\/app\/wp-content\/uploads\/2017\/06\/LOGO-100x100.jpg","width":100,"height":100},"medium":{"url":"https:\/\/portalv1.com.br\/app\/wp-content\/uploads\/2017\/06\/LOGO-300x225.jpg","width":300,"height":225},"large":{"url":"https:\/\/portalv1.com.br\/app\/wp-content\/uploads\/2017\/06\/LOGO-640x480.jpg","width":640,"height":480}},"data":{"simple":"01\/06\/2017","date_time":"01\/06\/2017 16:07:53","date":"h\u00e1 9 anos"},"chapeu":"Muitos preju\u00edzos ","source":"slide"},"_links":{"self":[{"href":"https:\/\/portalv1.com.br\/api\/wp\/v2\/posts\/31886","targetHints":{"allow":["GET"]}}],"collection":[{"href":"https:\/\/portalv1.com.br\/api\/wp\/v2\/posts"}],"about":[{"href":"https:\/\/portalv1.com.br\/api\/wp\/v2\/types\/post"}],"author":[{"embeddable":true,"href":"https:\/\/portalv1.com.br\/api\/wp\/v2\/users\/1"}],"replies":[{"embeddable":true,"href":"https:\/\/portalv1.com.br\/api\/wp\/v2\/comments?post=31886"}],"version-history":[{"count":0,"href":"https:\/\/portalv1.com.br\/api\/wp\/v2\/posts\/31886\/revisions"}],"wp:featuredmedia":[{"embeddable":true,"href":"https:\/\/portalv1.com.br\/api\/wp\/v2\/media\/31887"}],"wp:attachment":[{"href":"https:\/\/portalv1.com.br\/api\/wp\/v2\/media?parent=31886"}],"wp:term":[{"taxonomy":"category","embeddable":true,"href":"https:\/\/portalv1.com.br\/api\/wp\/v2\/categories?post=31886"},{"taxonomy":"post_tag","embeddable":true,"href":"https:\/\/portalv1.com.br\/api\/wp\/v2\/tags?post=31886"}],"curies":[{"name":"wp","href":"https:\/\/api.w.org\/{rel}","templated":true}]}}