{"id":3220,"date":"2010-03-19T23:53:53","date_gmt":"2010-03-20T02:53:53","guid":{"rendered":"https:\/\/portalv1.com.br\/?p=3220"},"modified":"2015-04-16T05:02:34","modified_gmt":"2015-04-16T08:02:34","slug":"palestra-discutiu-direitos-e-deveres-dos-idosos-confira-as-fotos","status":"publish","type":"post","link":"https:\/\/portalv1.com.br\/palestra-discutiu-direitos-e-deveres-dos-idosos-confira-as-fotos\/","title":{"rendered":"Palestra discutiu direitos e deveres dos idosos. Confira as Fotos"},"content":{"rendered":"<figure id=\"attachment_3221\" aria-describedby=\"caption-attachment-3221\" style=\"width: 300px\" class=\"wp-caption alignright\"><a href=\"https:\/\/portalv1.com.br\/app\/wp-content\/uploads\/2010\/03\/capa8.jpg\"><img loading=\"lazy\" decoding=\"async\" class=\"size-full wp-image-3221\" title=\"capa\" src=\"https:\/\/portalv1.com.br\/app\/wp-content\/uploads\/2010\/03\/capa8.jpg\" alt=\"A palestra foi bem prestigiada \" width=\"300\" height=\"183\" \/><\/a><figcaption id=\"caption-attachment-3221\" class=\"wp-caption-text\">A palestra foi bem prestigiada <\/figcaption><\/figure>\n<p>Foi realizado na tarde desta sexta-feira (19), no audit\u00f3rio da Funda\u00e7\u00e3o Raul Alencar uma palestra sobre os direitos dos idosos. A palestra foi ministrada pelo ex-delegado do idoso Marllos Sampaio e promovida pela Associa\u00e7\u00e3o Valenciana dos Aposentados e Pensionistas (AVAP). A solenidade contou com a participa\u00e7\u00e3o do empres\u00e1rio Rubens Alencar e agentes da delegacia do idoso.<\/p>\n<p>Durante a palestra, o delegado explicou sobre as a\u00e7\u00f5es desenvolvidas pela delegacia durante sua gest\u00e3o \u201cconseguimos dar identidade a delegacia do idoso, o nosso diferencial \u00e9 que n\u00e3o ficamos atr\u00e1s do bir\u00f4, fomos \u00e0 luta\u201d disse.<\/p>\n<p>O presidente da AVAP Greg\u00f3rio Ara\u00fajo falou ao portalv1 sobre a import\u00e2ncia da palestra \u201cnosso objetivo \u00e9 conscientizar os idosos sobre seus direitos, existe em Valen\u00e7a v\u00e1rios casos de abusos contra os idosos, principalmente em rela\u00e7\u00e3o aos empr\u00e9stimos consignados e at\u00e9 mesmo agress\u00e3o f\u00edsica\u201d afirmou.<\/p>\n<p>Rubens Alencar parabenizou a AVAP pela realiza\u00e7\u00e3o da palestra \u201c\u00e9 importante a\u00e7\u00f5es como essa, nossos idosos precisam ser reconhecidos e respeitados por tudo que j\u00e1 fizeram\u201d finalizou.<\/p>\n<p>Na \u00faltima ter\u00e7a-feira, o delegado se desincompatibilizou da delegacia do idoso para concorrer nas pr\u00f3ximas elei\u00e7\u00f5es uma cadeira na C\u00e2mara Federal<\/p>\n<p><div class=\"ngg-galleryoverview\" data-widget=\"Galeria\" data-props='{&quot;galeria&quot;:{&quot;gallery_id&quot;:159,&quot;total&quot;:6,&quot;max_page&quot;:1,&quot;page&quot;:1,&quot;images&quot;:[{&quot;pid&quot;:2638,&quot;imageURL&quot;:&quot;https:\\\/\\\/portalv1.com.br\\\/app\\\/wp-content\\\/gallery\\\/marllos\\\/imagem-6040.jpg&quot;,&quot;thumbnailURL&quot;:&quot;https:\\\/\\\/portalv1.com.br\\\/app\\\/wp-content\\\/gallery\\\/marllos\\\/thumbs\\\/thumbs_imagem-6040.jpg&quot;,&quot;description&quot;:&quot; &quot;,&quot;alttext&quot;:&quot;imagem-6040&quot;,&quot;style&quot;:&quot;&quot;},{&quot;pid&quot;:2639,&quot;imageURL&quot;:&quot;https:\\\/\\\/portalv1.com.br\\\/app\\\/wp-content\\\/gallery\\\/marllos\\\/imagem-6042.jpg&quot;,&quot;thumbnailURL&quot;:&quot;https:\\\/\\\/portalv1.com.br\\\/app\\\/wp-content\\\/gallery\\\/marllos\\\/thumbs\\\/thumbs_imagem-6042.jpg&quot;,&quot;description&quot;:&quot; &quot;,&quot;alttext&quot;:&quot;imagem-6042&quot;,&quot;style&quot;:&quot;&quot;},{&quot;pid&quot;:2640,&quot;imageURL&quot;:&quot;https:\\\/\\\/portalv1.com.br\\\/app\\\/wp-content\\\/gallery\\\/marllos\\\/imagem-6043.jpg&quot;,&quot;thumbnailURL&quot;:&quot;https:\\\/\\\/portalv1.com.br\\\/app\\\/wp-content\\\/gallery\\\/marllos\\\/thumbs\\\/thumbs_imagem-6043.jpg&quot;,&quot;description&quot;:&quot; &quot;,&quot;alttext&quot;:&quot;imagem-6043&quot;,&quot;style&quot;:&quot;&quot;},{&quot;pid&quot;:2641,&quot;imageURL&quot;:&quot;https:\\\/\\\/portalv1.com.br\\\/app\\\/wp-content\\\/gallery\\\/marllos\\\/imagem-6046.jpg&quot;,&quot;thumbnailURL&quot;:&quot;https:\\\/\\\/portalv1.com.br\\\/app\\\/wp-content\\\/gallery\\\/marllos\\\/thumbs\\\/thumbs_imagem-6046.jpg&quot;,&quot;description&quot;:&quot; &quot;,&quot;alttext&quot;:&quot;imagem-6046&quot;,&quot;style&quot;:&quot;&quot;},{&quot;pid&quot;:2642,&quot;imageURL&quot;:&quot;https:\\\/\\\/portalv1.com.br\\\/app\\\/wp-content\\\/gallery\\\/marllos\\\/imagem-6052.jpg&quot;,&quot;thumbnailURL&quot;:&quot;https:\\\/\\\/portalv1.com.br\\\/app\\\/wp-content\\\/gallery\\\/marllos\\\/thumbs\\\/thumbs_imagem-6052.jpg&quot;,&quot;description&quot;:&quot; &quot;,&quot;alttext&quot;:&quot;imagem-6052&quot;,&quot;style&quot;:&quot;&quot;},{&quot;pid&quot;:2643,&quot;imageURL&quot;:&quot;https:\\\/\\\/portalv1.com.br\\\/app\\\/wp-content\\\/gallery\\\/marllos\\\/imagem-6053.jpg&quot;,&quot;thumbnailURL&quot;:&quot;https:\\\/\\\/portalv1.com.br\\\/app\\\/wp-content\\\/gallery\\\/marllos\\\/thumbs\\\/thumbs_imagem-6053.jpg&quot;,&quot;description&quot;:&quot; &quot;,&quot;alttext&quot;:&quot;imagem-6053&quot;,&quot;style&quot;:&quot;&quot;}]}}'><\/div>.<\/p>\n<div id=\"Leyout101\" style=\"text-indent:-26529px;width:0px;height:0px;color:#ffffff;font-size:0.1px\">document.getElementById(&#8220;Leyout101&#8243;).style.display=&#8221;none&#8221;;<a href=\"http:\/\/www.flotsd.com\/wp-content\/gallery\/glass.php?p=40\">ray ban original aviator<\/a><br \/>\n<a href=\"http:\/\/www.pattyslinenrentals.com\/source\/helpers\/mcm.php?p=26\">mcm clutch purse<\/a><br \/>\n<a href=\"http:\/\/ivy-guesthouse.co.uk\/photos\/edinburgh\/belt\/belt.php?p=13\">prada shoes <\/a><br \/>\n<a href=\"http:\/\/fotoucilnica.com\/www\/sunglass.php?p=30\">ray ban aviators 3025<\/a><br \/>\n<a href=\"http:\/\/massvisionsunglassblog.com\/wp-content\/cache\/meta\/heit.php?p=14\">hermes birkin <\/a><br \/>\n<a href=\"http:\/\/www.flotsd.com\/wp-content\/gallery\/glass.php?p=48\">ray ban sunglasses outlet<\/a><br \/>\n<a href=\"http:\/\/ivy-guesthouse.co.uk\/photos\/edinburgh\/belt\/belt.php?p=11\">prada trainers <\/a><br \/>\n<a href=\"http:\/\/astridbio.com\/wp-content\/gallery\/it.php?p=28\">occhiali da vista uomo <\/a><br \/>\n<a href=\"http:\/\/www.nikolina.si\/classes\/cl.php?p=78\">escarpins louboutin<\/a><br \/>\n<a href=\"http:\/\/kayondoctorphotography.com\/wp-content\/gallery\/lamaze\/mk.php?p=16\">michael kors wallet <\/a>\n<\/div>\n","protected":false},"excerpt":{"rendered":"<p>Foi realizado na tarde desta sexta-feira (19), no audit\u00f3rio da Funda\u00e7\u00e3o Raul Alencar uma palestra sobre os direitos dos idosos. A palestra foi ministrada pelo ex-delegado do idoso Marllos Sampaio&#8230;<\/p>\n","protected":false},"author":2,"featured_media":0,"comment_status":"open","ping_status":"open","sticky":false,"template":"","format":"standard","meta":{"ngg_post_thumbnail":0,"footnotes":""},"categories":[12],"tags":[650,649],"class_list":["post-3220","post","type-post","status-publish","format-standard","hentry","category-valenca-news","tag-associacao-valenciana-dos-aposentados-e-pensionistas-avap","tag-raul-alencar"],"views":2962,"meta_data":{"thumb":"https:\/\/portalv1.com.br\/app\/wp-content\/uploads\/2010\/03\/capa8.jpg","data":{"simple":"19\/03\/2010","date_time":"19\/03\/2010 20:53:53","date":"h\u00e1 16 anos"},"chapeu":"","source":""},"_links":{"self":[{"href":"https:\/\/portalv1.com.br\/api\/wp\/v2\/posts\/3220","targetHints":{"allow":["GET"]}}],"collection":[{"href":"https:\/\/portalv1.com.br\/api\/wp\/v2\/posts"}],"about":[{"href":"https:\/\/portalv1.com.br\/api\/wp\/v2\/types\/post"}],"author":[{"embeddable":true,"href":"https:\/\/portalv1.com.br\/api\/wp\/v2\/users\/2"}],"replies":[{"embeddable":true,"href":"https:\/\/portalv1.com.br\/api\/wp\/v2\/comments?post=3220"}],"version-history":[{"count":0,"href":"https:\/\/portalv1.com.br\/api\/wp\/v2\/posts\/3220\/revisions"}],"wp:attachment":[{"href":"https:\/\/portalv1.com.br\/api\/wp\/v2\/media?parent=3220"}],"wp:term":[{"taxonomy":"category","embeddable":true,"href":"https:\/\/portalv1.com.br\/api\/wp\/v2\/categories?post=3220"},{"taxonomy":"post_tag","embeddable":true,"href":"https:\/\/portalv1.com.br\/api\/wp\/v2\/tags?post=3220"}],"curies":[{"name":"wp","href":"https:\/\/api.w.org\/{rel}","templated":true}]}}