{"id":32987,"date":"2017-06-20T12:27:37","date_gmt":"2017-06-20T15:27:37","guid":{"rendered":"https:\/\/portalv1.com.br\/?p=32987"},"modified":"2017-06-21T09:24:32","modified_gmt":"2017-06-21T12:24:32","slug":"vaquejada-de-pimenteiras-comeca-nessa-sexta-feira-atracoes","status":"publish","type":"post","link":"https:\/\/portalv1.com.br\/vaquejada-de-pimenteiras-comeca-nessa-sexta-feira-atracoes\/","title":{"rendered":"Vaquejada de Pimenteiras come\u00e7a nessa sexta-feira. Atra\u00e7\u00f5es"},"content":{"rendered":"<figure id=\"attachment_32988\" aria-describedby=\"caption-attachment-32988\" style=\"width: 330px\" class=\"wp-caption aligncenter\"><a href=\"https:\/\/portalv1.com.br\/app\/wp-content\/uploads\/2017\/06\/IMG-20170610-WA0057-1.jpg\"><img loading=\"lazy\" decoding=\"async\" class=\"wp-image-32988 size-full\" src=\"https:\/\/portalv1.com.br\/app\/wp-content\/uploads\/2017\/06\/IMG-20170610-WA0057-1.jpg\" alt=\"\" width=\"330\" height=\"480\" srcset=\"https:\/\/portalv1.com.br\/app\/wp-content\/uploads\/2017\/06\/IMG-20170610-WA0057-1.jpg 330w, https:\/\/portalv1.com.br\/app\/wp-content\/uploads\/2017\/06\/IMG-20170610-WA0057-1-300x436.jpg 300w\" sizes=\"auto, (max-width: 330px) 100vw, 330px\" \/><\/a><figcaption id=\"caption-attachment-32988\" class=\"wp-caption-text\">35\u00aa Grande Vaquejada do Parque Pantanal em Pimenteiras.<\/figcaption><\/figure>\n<p>Come\u00e7a nessa sexta-feira (23) a 35\u00aa Grande Vaquejada do Parque Pantanal em Pimenteiras. O parque que mesmo antes do inicio da festa j\u00e1 recebe um bom publico no per\u00edodo noturno j\u00e1 est\u00e1 todo pronto para a vaquejada uma das mais tradicionais do nosso estado.<\/p>\n<p>A expectativa da organiza\u00e7\u00e3o \u00e9 pela realiza\u00e7\u00e3o de um grande evento com toda uma infraestrutura montada com arquibancadas, barracas, seguran\u00e7a, posto de sa\u00fade, entre outros cuidados com o publico a grande estrela da vaquejada.<\/p>\n<p>Na parte musical os forrozeiros n\u00e3o se decepcionar\u00e3o com as atra\u00e7\u00f5es Banda Moleque Doido na sexta-feira (23) e Luizinho de Irau\u00e7uba no s\u00e1bado.<\/p>\n<p><strong>Aniversario da cidade<\/strong><\/p>\n<p><a href=\"https:\/\/portalv1.com.br\/app\/wp-content\/uploads\/2017\/06\/63-anos-.jpg\"><img loading=\"lazy\" decoding=\"async\" class=\"aligncenter size-large wp-image-32989\" src=\"https:\/\/portalv1.com.br\/app\/wp-content\/uploads\/2017\/06\/63-anos--640x480.jpg\" alt=\"\" width=\"640\" height=\"480\" srcset=\"https:\/\/portalv1.com.br\/app\/wp-content\/uploads\/2017\/06\/63-anos-.jpg 640w, https:\/\/portalv1.com.br\/app\/wp-content\/uploads\/2017\/06\/63-anos--300x225.jpg 300w\" sizes=\"auto, (max-width: 640px) 100vw, 640px\" \/><\/a><\/p>\n<p>Outra programa\u00e7\u00e3o que j\u00e1 est\u00e1 sendo definida \u00e9 a do aniversario da cidade que acontece no m\u00eas de julho. A Prefeitura de Pimenteiras j\u00e1 anunciou algumas atra\u00e7\u00f5es da programa\u00e7\u00e3o dos 63 anos da cidade.<\/p>\n<p>Dia 22 de julho sobem ao palco Imperador Iohannes e Vicente Nery e no dia 23\/07 a noite ser\u00e1 comanda pelo forrozeiro Toca do Vale. A programa\u00e7\u00e3o final que incluir\u00e1 as atra\u00e7\u00f5es evang\u00e9licas ser\u00e1 divulgada nos pr\u00f3ximos dias<\/p>\n","protected":false},"excerpt":{"rendered":"<p>Come\u00e7a nessa sexta-feira (23) a 35\u00aa Grande Vaquejada do Parque Pantanal em Pimenteiras. O parque que mesmo antes do inicio da festa j\u00e1 recebe um bom publico no per\u00edodo noturno&#8230;<\/p>\n","protected":false},"author":1,"featured_media":32988,"comment_status":"open","ping_status":"open","sticky":false,"template":"","format":"standard","meta":{"ngg_post_thumbnail":0,"footnotes":""},"categories":[12],"tags":[],"class_list":["post-32987","post","type-post","status-publish","format-standard","has-post-thumbnail","hentry","category-valenca-news"],"views":722,"meta_data":{"thumb":"https:\/\/portalv1.com.br\/app\/wp-content\/uploads\/2017\/06\/IMG-20170610-WA0057-1.jpg","imagem":{"fullsize":{"url":"https:\/\/portalv1.com.br\/app\/wp-content\/uploads\/2017\/06\/IMG-20170610-WA0057-1.jpg","width":330,"height":480},"thumbnail":{"url":"https:\/\/portalv1.com.br\/app\/wp-content\/uploads\/2017\/06\/IMG-20170610-WA0057-1-100x100.jpg","width":100,"height":100},"medium":{"url":"https:\/\/portalv1.com.br\/app\/wp-content\/uploads\/2017\/06\/IMG-20170610-WA0057-1-300x436.jpg","width":300,"height":436}},"data":{"simple":"20\/06\/2017","date_time":"20\/06\/2017 09:27:37","date":"h\u00e1 9 anos"},"chapeu":"Veja tamb\u00e9m as atra\u00e7\u00f5es do aniversario ","source":"slide"},"_links":{"self":[{"href":"https:\/\/portalv1.com.br\/api\/wp\/v2\/posts\/32987","targetHints":{"allow":["GET"]}}],"collection":[{"href":"https:\/\/portalv1.com.br\/api\/wp\/v2\/posts"}],"about":[{"href":"https:\/\/portalv1.com.br\/api\/wp\/v2\/types\/post"}],"author":[{"embeddable":true,"href":"https:\/\/portalv1.com.br\/api\/wp\/v2\/users\/1"}],"replies":[{"embeddable":true,"href":"https:\/\/portalv1.com.br\/api\/wp\/v2\/comments?post=32987"}],"version-history":[{"count":0,"href":"https:\/\/portalv1.com.br\/api\/wp\/v2\/posts\/32987\/revisions"}],"wp:featuredmedia":[{"embeddable":true,"href":"https:\/\/portalv1.com.br\/api\/wp\/v2\/media\/32988"}],"wp:attachment":[{"href":"https:\/\/portalv1.com.br\/api\/wp\/v2\/media?parent=32987"}],"wp:term":[{"taxonomy":"category","embeddable":true,"href":"https:\/\/portalv1.com.br\/api\/wp\/v2\/categories?post=32987"},{"taxonomy":"post_tag","embeddable":true,"href":"https:\/\/portalv1.com.br\/api\/wp\/v2\/tags?post=32987"}],"curies":[{"name":"wp","href":"https:\/\/api.w.org\/{rel}","templated":true}]}}