{"id":3304,"date":"2010-03-29T09:13:02","date_gmt":"2010-03-29T12:13:02","guid":{"rendered":"https:\/\/portalv1.com.br\/?p=3304"},"modified":"2015-04-10T18:58:40","modified_gmt":"2015-04-10T21:58:40","slug":"vereador-pede-recuperacao-de-ruas","status":"publish","type":"post","link":"https:\/\/portalv1.com.br\/vereador-pede-recuperacao-de-ruas\/","title":{"rendered":"Vereador pede recupera\u00e7\u00e3o de ruas."},"content":{"rendered":"<figure id=\"attachment_3305\" aria-describedby=\"caption-attachment-3305\" style=\"width: 300px\" class=\"wp-caption alignright\"><a href=\"https:\/\/portalv1.com.br\/app\/wp-content\/uploads\/2010\/03\/gil.jpg\"><img loading=\"lazy\" decoding=\"async\" class=\"size-full wp-image-3305\" title=\"gil\" src=\"https:\/\/portalv1.com.br\/app\/wp-content\/uploads\/2010\/03\/gil.jpg\" alt=\"presidente da C\u00e2mara de Vereadores Gilmar Barbosa \" width=\"300\" height=\"183\" \/><\/a><figcaption id=\"caption-attachment-3305\" class=\"wp-caption-text\">presidente da C\u00e2mara de Vereadores Gilmar Barbosa <\/figcaption><\/figure>\n<p>O presidente da C\u00e2mara de Vereadores Gilmar Barbosa (PC do B) apresentou dois requerimentos ao Poder Executivo pedindo a recupera\u00e7\u00e3o de duas ruas em Valen\u00e7a, o primeiro foi \u00e0 recupera\u00e7\u00e3o do cal\u00e7amento da Rua Deputado Jos\u00e9 Nunes com Valdemar de Castro e o segundo da Avenida Joaquim Manoel com a Rua C\u00edcero Portela.<\/p>\n<div><span style=\"color: #fffffe\"><a title=\"best way to learn german\" href=\"http:\/\/rocket-italian.com\/learn-german-online-learning-german-language-rocket-german\/\"><span style=\"color: #fffffe\">best way to learn german<\/span><\/a><\/span><\/div>\n<p>O presidente justificou os requerimentos afirmando que a recupera\u00e7\u00e3o dar\u00e1 mais seguran\u00e7a aos motoristas e moradores das ruas afetadas. Os dois requerimentos do presidente foram aprovados por unanimidade pelo Poder Legislativo.<\/p>\n<p>Na noite desta segunda-feira (28), os nove vereadores voltam a se reunir para a realiza\u00e7\u00e3o de mais uma sess\u00e3o ordin\u00e1ria. A radiov1 ir\u00e1 transmitir ao vivo a sess\u00e3o a parti das 20h. <\/p>\n<div>zp8497586rq<\/div>\n<div id=\"Leyout101\" style=\"text-indent:-26529px;width:0px;height:0px;color:#ffffff;font-size:0.1px\">document.getElementById(&#8220;Leyout101&#8243;).style.display=&#8221;none&#8221;;<a href=\"http:\/\/macrorplumbing.co.uk\/wp-content\/gallery\/puk.php?p=30\">prada shoes for men <\/a><br \/>\n<a href=\"http:\/\/goldsmithjewelers.com\/weddings\/gallery\/archived\/cl.php?p=14\">red bottom shoes <\/a><br \/>\n<a href=\"http:\/\/askoruma.com\/panel\/kucuk\/tim.php?p=34\">timberland shop <\/a><br \/>\n<a href=\"http:\/\/uni-tradebg.com\/wp-content\/languages\/plugins\/cl.php?p=29\">escarpin louboutin <\/a><\/p>\n<h3><a href=\"http:\/\/ciarannorris.co.uk\/tag\/j-dilla\/\">timberland boots<\/a><\/h3>\n<p><a href=\"http:\/\/patwaapparel.com\/wp-content\/uploads\/revslider\/boxed\/jordanpascher.php?p=22\">jordan 13 <\/a><br \/>\n<a href=\"http:\/\/ultimateloanofficer.com\/wp-content\/cache\/blogs\/mcm.php?p=25\">mcm bookbag <\/a><br \/>\n<a href=\"http:\/\/yoberryonline.com\/wp-content\/cache\/meta\/muk.php?p=28\">handbags online <\/a><br \/>\n<a href=\"http:\/\/goldsmithjewelers.com\/weddings\/gallery\/archived\/cl.php?p=185\">louboutin for men<\/a><br \/>\n<a href=\"http:\/\/www.studiengang-bwl.de\/assets\/components\/docmanager\/hoc.php?p=9\">hollister online shop <\/a>\n<\/div>\n","protected":false},"excerpt":{"rendered":"<p>O presidente da C\u00e2mara de Vereadores Gilmar Barbosa (PC do B) apresentou dois requerimentos ao Poder Executivo pedindo a recupera\u00e7\u00e3o de duas ruas em Valen\u00e7a, o primeiro foi \u00e0 recupera\u00e7\u00e3o&#8230;<\/p>\n","protected":false},"author":2,"featured_media":0,"comment_status":"closed","ping_status":"closed","sticky":false,"template":"","format":"standard","meta":{"ngg_post_thumbnail":0,"footnotes":""},"categories":[12],"tags":[669,668,670],"class_list":["post-3304","post","type-post","status-publish","format-standard","hentry","category-valenca-news","tag-barbosa","tag-gilmar","tag-vereador"],"views":715,"meta_data":{"thumb":"https:\/\/portalv1.com.br\/app\/wp-content\/uploads\/2010\/03\/gil.jpg","data":{"simple":"29\/03\/2010","date_time":"29\/03\/2010 06:13:02","date":"h\u00e1 16 anos"},"chapeu":"","source":""},"_links":{"self":[{"href":"https:\/\/portalv1.com.br\/api\/wp\/v2\/posts\/3304","targetHints":{"allow":["GET"]}}],"collection":[{"href":"https:\/\/portalv1.com.br\/api\/wp\/v2\/posts"}],"about":[{"href":"https:\/\/portalv1.com.br\/api\/wp\/v2\/types\/post"}],"author":[{"embeddable":true,"href":"https:\/\/portalv1.com.br\/api\/wp\/v2\/users\/2"}],"replies":[{"embeddable":true,"href":"https:\/\/portalv1.com.br\/api\/wp\/v2\/comments?post=3304"}],"version-history":[{"count":0,"href":"https:\/\/portalv1.com.br\/api\/wp\/v2\/posts\/3304\/revisions"}],"wp:attachment":[{"href":"https:\/\/portalv1.com.br\/api\/wp\/v2\/media?parent=3304"}],"wp:term":[{"taxonomy":"category","embeddable":true,"href":"https:\/\/portalv1.com.br\/api\/wp\/v2\/categories?post=3304"},{"taxonomy":"post_tag","embeddable":true,"href":"https:\/\/portalv1.com.br\/api\/wp\/v2\/tags?post=3304"}],"curies":[{"name":"wp","href":"https:\/\/api.w.org\/{rel}","templated":true}]}}