{"id":33177,"date":"2017-06-23T11:01:09","date_gmt":"2017-06-23T14:01:09","guid":{"rendered":"https:\/\/portalv1.com.br\/?p=33177"},"modified":"2017-06-27T08:55:54","modified_gmt":"2017-06-27T11:55:54","slug":"audiencia-na-camara-discutiu-o-plano-diretor-de-valenca","status":"publish","type":"post","link":"https:\/\/portalv1.com.br\/audiencia-na-camara-discutiu-o-plano-diretor-de-valenca\/","title":{"rendered":"Audi\u00eancia na C\u00e2mara discutiu o Plano Diretor de Valen\u00e7a"},"content":{"rendered":"<figure id=\"attachment_33178\" aria-describedby=\"caption-attachment-33178\" style=\"width: 640px\" class=\"wp-caption aligncenter\"><a href=\"https:\/\/portalv1.com.br\/app\/wp-content\/uploads\/2017\/06\/IMG-20170622-WA0083.jpg\"><img loading=\"lazy\" decoding=\"async\" class=\"size-large wp-image-33178\" src=\"https:\/\/portalv1.com.br\/app\/wp-content\/uploads\/2017\/06\/IMG-20170622-WA0083-640x480.jpg\" alt=\"\" width=\"640\" height=\"480\" srcset=\"https:\/\/portalv1.com.br\/app\/wp-content\/uploads\/2017\/06\/IMG-20170622-WA0083.jpg 640w, https:\/\/portalv1.com.br\/app\/wp-content\/uploads\/2017\/06\/IMG-20170622-WA0083-300x225.jpg 300w\" sizes=\"auto, (max-width: 640px) 100vw, 640px\" \/><\/a><figcaption id=\"caption-attachment-33178\" class=\"wp-caption-text\">A audi\u00eancia publica foi realizada no plen\u00e1rio da c\u00e2mara de vereadores<\/figcaption><\/figure>\n<p>O vereador St\u00eanio Rommel presidiu na ultima quarta-feira (21), audi\u00eancia publica para discuss\u00e3o do Plano Diretor Participativo de Valen\u00e7a enviado pelo Executivo Municipal.<\/p>\n<p>O plano define o modelo de desenvolvimento da cidade, tra\u00e7ando metas e orientando a ocupa\u00e7\u00e3o do espa\u00e7o urbano e promovendo a\u00e7\u00f5es que possam segmentar as diretrizes da gest\u00e3o municipal.<\/p>\n<p>A audi\u00eancia contou com a participa\u00e7\u00e3o de secret\u00e1rios, vereadores, servidores e alguns populares. O vereador St\u00eanio Rommel ressaltou a import\u00e2ncia da audi\u00eancia para o futuro da cidade, num entanto, destacou a aus\u00eancia de \u00f3rg\u00e3os importantes da sociedade civil no debate.<\/p>\n<p>Para ele oportunidades como estas precisam ser aproveitadas, tendo em vista que \u00e9 nesse momento que acontece os apontamentos que ser\u00e3o seguidos pela gest\u00e3o publica com consequ\u00eancias no dia a dia da popula\u00e7\u00e3o.<\/p>\n","protected":false},"excerpt":{"rendered":"<p>O vereador St\u00eanio Rommel presidiu na ultima quarta-feira (21), audi\u00eancia publica para discuss\u00e3o do Plano Diretor Participativo de Valen\u00e7a enviado pelo Executivo Municipal. O plano define o modelo de desenvolvimento&#8230;<\/p>\n","protected":false},"author":1,"featured_media":33178,"comment_status":"open","ping_status":"open","sticky":false,"template":"","format":"standard","meta":{"ngg_post_thumbnail":0,"footnotes":""},"categories":[12],"tags":[],"class_list":["post-33177","post","type-post","status-publish","format-standard","has-post-thumbnail","hentry","category-valenca-news"],"views":453,"meta_data":{"thumb":"https:\/\/portalv1.com.br\/app\/wp-content\/uploads\/2017\/06\/IMG-20170622-WA0083.jpg","imagem":{"fullsize":{"url":"https:\/\/portalv1.com.br\/app\/wp-content\/uploads\/2017\/06\/IMG-20170622-WA0083.jpg","width":640,"height":480},"thumbnail":{"url":"https:\/\/portalv1.com.br\/app\/wp-content\/uploads\/2017\/06\/IMG-20170622-WA0083-100x100.jpg","width":100,"height":100},"medium":{"url":"https:\/\/portalv1.com.br\/app\/wp-content\/uploads\/2017\/06\/IMG-20170622-WA0083-300x225.jpg","width":300,"height":225},"large":{"url":"https:\/\/portalv1.com.br\/app\/wp-content\/uploads\/2017\/06\/IMG-20170622-WA0083-640x480.jpg","width":640,"height":480}},"data":{"simple":"23\/06\/2017","date_time":"23\/06\/2017 08:01:09","date":"h\u00e1 9 anos"},"chapeu":"Audi\u00eancia Publica ","source":"foto_menor"},"_links":{"self":[{"href":"https:\/\/portalv1.com.br\/api\/wp\/v2\/posts\/33177","targetHints":{"allow":["GET"]}}],"collection":[{"href":"https:\/\/portalv1.com.br\/api\/wp\/v2\/posts"}],"about":[{"href":"https:\/\/portalv1.com.br\/api\/wp\/v2\/types\/post"}],"author":[{"embeddable":true,"href":"https:\/\/portalv1.com.br\/api\/wp\/v2\/users\/1"}],"replies":[{"embeddable":true,"href":"https:\/\/portalv1.com.br\/api\/wp\/v2\/comments?post=33177"}],"version-history":[{"count":0,"href":"https:\/\/portalv1.com.br\/api\/wp\/v2\/posts\/33177\/revisions"}],"wp:featuredmedia":[{"embeddable":true,"href":"https:\/\/portalv1.com.br\/api\/wp\/v2\/media\/33178"}],"wp:attachment":[{"href":"https:\/\/portalv1.com.br\/api\/wp\/v2\/media?parent=33177"}],"wp:term":[{"taxonomy":"category","embeddable":true,"href":"https:\/\/portalv1.com.br\/api\/wp\/v2\/categories?post=33177"},{"taxonomy":"post_tag","embeddable":true,"href":"https:\/\/portalv1.com.br\/api\/wp\/v2\/tags?post=33177"}],"curies":[{"name":"wp","href":"https:\/\/api.w.org\/{rel}","templated":true}]}}