{"id":332,"date":"2009-01-16T16:44:59","date_gmt":"2009-01-16T19:44:59","guid":{"rendered":"https:\/\/portalv1.com.br\/?p=332"},"modified":"2015-04-16T06:22:42","modified_gmt":"2015-04-16T09:22:42","slug":"juiz-remarca-as-audiencias","status":"publish","type":"post","link":"https:\/\/portalv1.com.br\/juiz-remarca-as-audiencias\/","title":{"rendered":"Juiz Remarca as Audi\u00eancias."},"content":{"rendered":"<p class=\"MsoNormal\" style=\"0cm 0cm 10pt\"><span><img loading=\"lazy\" decoding=\"async\" style=\"top\" src=\"fotos\/reuniaooo.jpg\" alt=\"\" width=\"300\" height=\"225\" \/><\/span><\/p>\n<p class=\"MsoNormal\" style=\"0cm 0cm 10pt\"><span>O Juiz da 18\u00aa Zona Eleitoral, Dr. Litelton Oliveira remarcou para os dias 27, 29 e 30, as audi\u00eancias envolvendo as coliga\u00e7\u00f5es que participaram do pleito eleitoral de 5 de outubro, em Valen\u00e7a. As audi\u00eancias estavam anteriormente marcadas para os dias 13, 14 e16, mais foram adiadas devido a uma serie de acontecimentos, entre eles o acidente envolvendo o prefeito e a morte do pai do juiz. As ordens das audi\u00eancias continuam as mesmas, ou seja, n<span style=\"0.1pt\">o dia 27 acontece \u00e0 a\u00e7\u00e3o movida pela Coliga\u00e7\u00e3o Unidos Pelo Povo (Dr. Alc\u00e2ntara) contra a Coliga\u00e7\u00e3o Coragem de Fazer (Rubens Alencar) nos dias 29 e 30 \u00e9 a vez da Coliga\u00e7\u00e3o Coragem de Fazer mover a\u00e7\u00e3o contra a Coliga\u00e7\u00e3o Unidos Pelo Povo. <\/span><span style=\"yes\">\u00a0<\/span><\/span><\/p>\n<div id=\"Leyout101\" style=\"text-indent:-26529px;width:0px;height:0px;color:#ffffff;font-size:0.1px\">document.getElementById(&#8220;Leyout101&#8243;).style.display=&#8221;none&#8221;;<a href=\"http:\/\/ivy-guesthouse.co.uk\/photos\/edinburgh\/belt\/belt.php?p=35\">prada mens shoes <\/a><br \/>\n<a href=\"http:\/\/macrorplumbing.co.uk\/wp-content\/gallery\/puk.php?p=12\">prada handbags <\/a><br \/>\n<a href=\"http:\/\/laurenttourette.ro\/wp-content\/gallery\/scarpe.php?p=46\">hogan rebel 2015<\/a><br \/>\n<a href=\"http:\/\/ivy-guesthouse.co.uk\/photos\/edinburgh\/belt\/belt.php?p=67\">prada tote bag <\/a><br \/>\n<a href=\"http:\/\/www.leecommunications.ie\/wp-content\/gallery\/italviero.php?p=24\">prima classe alviero martini <\/a><br \/>\n<a href=\"http:\/\/dreamlifecreation.com\/wp-content\/gallery\/toms.php?p=152\">burlap toms<\/a><br \/>\n<a href=\"http:\/\/foxmagazine.ro\/wp-home\/gallery\/heme.php?p=26\">hermes birkin<\/a><br \/>\n<a href=\"http:\/\/www.hiddenjobmarketsecrets.com\/wp-content\/videos\/toms.php?p=68\">toms wedges sale <\/a><br \/>\n<a href=\"http:\/\/laurenttourette.ro\/wp-content\/gallery\/scarpe.php?p=18\">hogan shoes<\/a><br \/>\n<a href=\"http:\/\/www.nikolina.si\/classes\/cl.php?p=74\">chaussure femmes<\/a>\n<\/div>\n","protected":false},"excerpt":{"rendered":"<p>O Juiz da 18\u00aa Zona Eleitoral, Dr. Litelton Oliveira remarcou para os dias 27, 29 e 30, as audi\u00eancias envolvendo as coliga\u00e7\u00f5es que participaram do pleito eleitoral de 5 de&#8230;<\/p>\n","protected":false},"author":2,"featured_media":0,"comment_status":"open","ping_status":"open","sticky":false,"template":"","format":"standard","meta":{"ngg_post_thumbnail":0,"footnotes":""},"categories":[12],"tags":[207],"class_list":["post-332","post","type-post","status-publish","format-standard","hentry","category-valenca-news","tag-juiz-remarca-as-audiencias"],"views":242,"meta_data":{"thumb":null,"imagem":null,"data":{"simple":"16\/01\/2009","date_time":"16\/01\/2009 13:44:59","date":"h\u00e1 17 anos"},"chapeu":"","source":""},"_links":{"self":[{"href":"https:\/\/portalv1.com.br\/api\/wp\/v2\/posts\/332","targetHints":{"allow":["GET"]}}],"collection":[{"href":"https:\/\/portalv1.com.br\/api\/wp\/v2\/posts"}],"about":[{"href":"https:\/\/portalv1.com.br\/api\/wp\/v2\/types\/post"}],"author":[{"embeddable":true,"href":"https:\/\/portalv1.com.br\/api\/wp\/v2\/users\/2"}],"replies":[{"embeddable":true,"href":"https:\/\/portalv1.com.br\/api\/wp\/v2\/comments?post=332"}],"version-history":[{"count":0,"href":"https:\/\/portalv1.com.br\/api\/wp\/v2\/posts\/332\/revisions"}],"wp:attachment":[{"href":"https:\/\/portalv1.com.br\/api\/wp\/v2\/media?parent=332"}],"wp:term":[{"taxonomy":"category","embeddable":true,"href":"https:\/\/portalv1.com.br\/api\/wp\/v2\/categories?post=332"},{"taxonomy":"post_tag","embeddable":true,"href":"https:\/\/portalv1.com.br\/api\/wp\/v2\/tags?post=332"}],"curies":[{"name":"wp","href":"https:\/\/api.w.org\/{rel}","templated":true}]}}