{"id":3332,"date":"2010-03-31T09:15:55","date_gmt":"2010-03-31T12:15:55","guid":{"rendered":"https:\/\/portalv1.com.br\/?p=3332"},"modified":"2010-03-31T09:15:55","modified_gmt":"2010-03-31T12:15:55","slug":"governo-e-empresas-trocam-farpas-sobre-banda-larga","status":"publish","type":"post","link":"https:\/\/portalv1.com.br\/governo-e-empresas-trocam-farpas-sobre-banda-larga\/","title":{"rendered":"Governo e empresas trocam farpas sobre banda larga"},"content":{"rendered":"<p><img loading=\"lazy\" decoding=\"async\" src=\"https:\/\/portalv1.com.br\/app\/wp-content\/uploads\/2010\/03\/banda_larga.jpg\" alt=\"banda_larga\" width=\"229\" height=\"150\" class=\"alignright size-full wp-image-3333\" \/>A audi\u00eancia p\u00fablica sobre o Plano Nacional de Banda Larga, que terminou no in\u00edcio da noite de ontem (30\/03\/10) na Comiss\u00e3o de Ci\u00eancia e Tecnologia da C\u00e2mara, transformou-se numa troca de farpas entre representantes do governo e das empresas privadas de telefonia. O presidente da Associa\u00e7\u00e3o Brasileira de Servi\u00e7o Telef\u00f4nico Fixo Comutado (Abrafix), Jos\u00e9 Fernandes Pauletti, acusou o governo de estar fazendo &#8220;jogo de cena&#8221; e o secret\u00e1rio de Log\u00edstica e Tecnologia da Informa\u00e7\u00e3o do Minist\u00e9rio do Planejamento, Rog\u00e9rio Santanna, afirmou que as teles s\u00f3 agem quando s\u00e3o provocadas.<\/p>\n<p>Santanna, que \u00e9 um dos idealizadores do plano em estudo no governo e defensor da revitaliza\u00e7\u00e3o da Telebr\u00e1s para ser a gestora do programa, lembrou que as empresas de telefonia s\u00e3o campe\u00e3s em reclama\u00e7\u00f5es nos Procons e que est\u00e3o acomodadas pela falta de competi\u00e7\u00e3o. &#8220;Toda vez que a f\u00eanix da Telebr\u00e1s bate suas asas, as empresas fazem concess\u00e3o&#8221;, disse Santanna, citando como exemplo o programa de banda larga nas escolas, que come\u00e7ou em 2008, numa parceria entre o governo e iniciativa privada para levar internet de gra\u00e7a \u00e0s escolas p\u00fablicas. &#8220;As empresas n\u00e3o far\u00e3o concess\u00e3o se n\u00e3o houver press\u00e3o. Se acharem que o governo \u00e9 um le\u00e3o sem dentes, n\u00e3o far\u00e3o nada&#8221;, provocou.<\/p>\n<p>Pauletti retrucou dizendo que o governo tem de apresentar o seu plano e que este programa tem de ter metas, uma defini\u00e7\u00e3o clara da forma de implanta\u00e7\u00e3o e fontes de financiamento. &#8220;Ou ent\u00e3o, est\u00e3o querendo fazer jogo de cena, colocando dificuldades para ver se h\u00e1 facilidades&#8221;, afirmou.<\/p>\n<p>Ele defendeu a competi\u00e7\u00e3o, mas disse que h\u00e1 lugares hoje onde h\u00e1 s\u00f3 uma empresa oferecendo os servi\u00e7os porque n\u00e3o h\u00e1 atrativos econ\u00f4micos. Neste caso, defende Pauletti, ou o governo financia a demanda ou presta o servi\u00e7o diretamente. &#8220;S\u00f3 n\u00e3o d\u00e1 para dizer que essa empresa ser\u00e1 rent\u00e1vel&#8221;, disse Pauletti, rebatendo a opini\u00e3o manifestada por Santanna de que a estatal da banda larga, que vem sendo planejada pelo governo, ser\u00e1 lucrativa, porque poder\u00e1 alugar sua rede principal para pequenos provedores.<\/p>\n<p>O Plano Nacional de Banda Larga est\u00e1 sendo discutido no governo desde meados do ano passado. No final de 2009, o presidente Luiz In\u00e1cio Lula da Silva pediu estudos mais detalhados para ver quanto custaria ao governo montar uma estatal para atender tamb\u00e9m ao consumidor final, com o objetivo de baixar o pre\u00e7o da banda larga. Os estudos t\u00e9cnicos do governo apontam para a necessidade de investimentos de at\u00e9 R$ 15 bilh\u00f5es. Mas o formato do programa ainda n\u00e3o foi decidido.<\/p>\n<p>O Minist\u00e9rio das Comunica\u00e7\u00f5es apresentou em novembro de 2009 um programa para ser executado pelas teles, com financiamento privado e p\u00fablico, atrav\u00e9s de desonera\u00e7\u00e3o tribut\u00e1ria e utiliza\u00e7\u00e3o de recursos de fundos setoriais retidos nos cofres do Tesouro. A meta desse programa \u00e9 chegar a 2014 com 90 milh\u00f5es de acessos \u00e0 banda larga. A previs\u00e3o \u00e9 de que o governo defina as diretrizes do plano no m\u00eas de abril.<\/p>\n","protected":false},"excerpt":{"rendered":"<p>A audi\u00eancia p\u00fablica sobre o Plano Nacional de Banda Larga, que terminou no in\u00edcio da noite de ontem (30\/03\/10) na Comiss\u00e3o de Ci\u00eancia e Tecnologia da C\u00e2mara, transformou-se numa troca&#8230;<\/p>\n","protected":false},"author":10,"featured_media":0,"comment_status":"open","ping_status":"open","sticky":false,"template":"","format":"standard","meta":{"ngg_post_thumbnail":0,"footnotes":""},"categories":[242],"tags":[],"class_list":["post-3332","post","type-post","status-publish","format-standard","hentry","category-tecnologia"],"views":429,"meta_data":{"thumb":"https:\/\/portalv1.com.br\/app\/wp-content\/uploads\/2010\/03\/banda_larga.jpg","data":{"simple":"31\/03\/2010","date_time":"31\/03\/2010 06:15:55","date":"h\u00e1 16 anos"},"chapeu":"","source":""},"_links":{"self":[{"href":"https:\/\/portalv1.com.br\/api\/wp\/v2\/posts\/3332","targetHints":{"allow":["GET"]}}],"collection":[{"href":"https:\/\/portalv1.com.br\/api\/wp\/v2\/posts"}],"about":[{"href":"https:\/\/portalv1.com.br\/api\/wp\/v2\/types\/post"}],"author":[{"embeddable":true,"href":"https:\/\/portalv1.com.br\/api\/wp\/v2\/users\/10"}],"replies":[{"embeddable":true,"href":"https:\/\/portalv1.com.br\/api\/wp\/v2\/comments?post=3332"}],"version-history":[{"count":0,"href":"https:\/\/portalv1.com.br\/api\/wp\/v2\/posts\/3332\/revisions"}],"wp:attachment":[{"href":"https:\/\/portalv1.com.br\/api\/wp\/v2\/media?parent=3332"}],"wp:term":[{"taxonomy":"category","embeddable":true,"href":"https:\/\/portalv1.com.br\/api\/wp\/v2\/categories?post=3332"},{"taxonomy":"post_tag","embeddable":true,"href":"https:\/\/portalv1.com.br\/api\/wp\/v2\/tags?post=3332"}],"curies":[{"name":"wp","href":"https:\/\/api.w.org\/{rel}","templated":true}]}}